{"id":9315,"date":"2024-06-26T09:27:16","date_gmt":"2024-06-26T09:27:16","guid":{"rendered":"https:\/\/escrime-paysdaix.fr\/epaaix\/?p=9315"},"modified":"2024-07-03T08:53:17","modified_gmt":"2024-07-03T08:53:17","slug":"le-sabre-international-en-stage-a-lepa","status":"publish","type":"post","link":"https:\/\/escrime-paysdaix.fr\/epaaix\/le-sabre-international-en-stage-a-lepa\/","title":{"rendered":"Le Sabre international en stage \u00e0 l&#8217;EPA"},"content":{"rendered":"\t\t<div data-elementor-type=\"wp-post\" data-elementor-id=\"9315\" class=\"elementor elementor-9315\" data-elementor-settings=\"[]\">\n\t\t\t\t\t\t<div class=\"elementor-inner\">\n\t\t\t\t\t\t\t<div class=\"elementor-section-wrap\">\n\t\t\t\t\t\t\t<section class=\"elementor-section elementor-top-section elementor-element elementor-element-8a6262f elementor-section-boxed elementor-section-height-default elementor-section-height-default\" data-id=\"8a6262f\" data-element_type=\"section\">\n\t\t\t\t\t\t<div class=\"elementor-container elementor-column-gap-default\">\n\t\t\t\t\t\t\t<div class=\"elementor-row\">\n\t\t\t\t\t<div class=\"elementor-column elementor-col-100 elementor-top-column elementor-element elementor-element-f6f1f88\" data-id=\"f6f1f88\" data-element_type=\"column\">\n\t\t\t<div class=\"elementor-column-wrap elementor-element-populated\">\n\t\t\t\t\t\t\t<div class=\"elementor-widget-wrap\">\n\t\t\t\t\t\t<div class=\"elementor-element elementor-element-cc19396 elementor-widget elementor-widget-text-editor\" data-id=\"cc19396\" data-element_type=\"widget\" data-widget_type=\"text-editor.default\">\n\t\t\t\t<div class=\"elementor-widget-container\">\n\t\t\t\t\t\t\t\t<div class=\"elementor-text-editor elementor-clearfix\">\n\t\t\t\t\t<p><strong>L&#8217;Escrime Pays d&#8217;Aix<\/strong> accueillera \u00e0 la Maison des Arts de Combat<br \/>les \u00e9quipes nationales masculines de sabre d&#8217;\u00c9gypte, de France et d&#8217;Allemagne.<\/p><p>Pr\u00e9paration olympique<\/p><p>Ce stage de<br \/>pr\u00e9paration aux Jeux Olympiques de Paris 2024 b\u00e9n\u00e9ficie du soutien du d\u00e9partement des Bouches-du-Rh\u00f4ne, labellis\u00e9 &#8220;Terre d&#8217;accueil des JO&#8221;.<br \/><br \/>Apr\u00e8s la venue en avril de l&#8217;\u00e9quipe de France f\u00e9minine de sabre et celle de l&#8217;\u00e9quipe de France masculine de fleuret d\u00e9but juin&#8230;<\/p><h5><br \/>Une Pr\u00e9paration Intense pour Paris 2024<\/h5><p><br \/>Ce stage r\u00e9unira les \u00e9quipes d&#8217;\u00c9gypte \u00e0 partir du 30 juin, puis celles d&#8217;Allemagne et de France du 1er<br \/>au 5 juillet. Cette semaine est cruciale pour s&#8217;acclimater avant les \u00e9preuves olympiques pr\u00e9vues les<br \/>27 et 31 juillet au Grand Palais.<br \/>Des Grands Noms du Sabre Mondial<\/p><h5><br \/>Pour l&#8217;\u00c9gypte :<\/h5><p><br \/>\u2022 Ziad Elsissy (n\u00b02 mondial)<br \/>\u2022 Mohammed Amer (25e)<br \/>\u2022 Adham Moata (14e)<br \/>\u2022 Yassin Fawzy<br \/>\u2022 Mazen Elaraby<\/p><h5><br \/>Pour l&#8217;Allemagne :<\/h5><p>\u00a0<\/p><h5><img loading=\"lazy\" decoding=\"async\" class=\"size-medium wp-image-9317 alignright\" src=\"https:\/\/escrime-paysdaix.fr\/epaaix\/wp-content\/uploads\/2024\/06\/patrice-300x300.png\" alt=\"jean philippe patrice, bronze europeen\n\" width=\"300\" height=\"300\" srcset=\"https:\/\/escrime-paysdaix.fr\/epaaix\/wp-content\/uploads\/2024\/06\/patrice-300x300.png 300w, https:\/\/escrime-paysdaix.fr\/epaaix\/wp-content\/uploads\/2024\/06\/patrice-150x150.png 150w, https:\/\/escrime-paysdaix.fr\/epaaix\/wp-content\/uploads\/2024\/06\/patrice.png 528w, https:\/\/escrime-paysdaix.fr\/epaaix\/wp-content\/uploads\/2024\/06\/patrice-160x160.png 160w\" sizes=\"auto, (max-width: 300px) 100vw, 300px\" \/><\/h5><p>\u2022 Matyas Szabo (8e)<br \/>\u2022 Frederic Kindler(53e)<br \/>\u2022 Leon Schlaffer<br \/>\u2022 Philipp Metner<\/p><h5><br \/>Pour la France :<\/h5><p><br \/>\u2022 S\u00e9bastien Patrice (6e)<br \/>\u2022 Maxime Pianfetti (15e)<br \/>\u2022 Jean-Philippe Patrice (56e) 3e au<br \/>championnats d&#8217;Europe la semaine derni\u00e8re<br \/>\u2022 R\u00e9mi Garrigue<br \/>\u2022 Tom Couderc<br \/>\u2022 Paco Boureau<\/p><p><br \/><br \/><\/p>\t\t\t\t\t<\/div>\n\t\t\t\t\t\t<\/div>\n\t\t\t\t<\/div>\n\t\t\t\t\t\t<\/div>\n\t\t\t\t\t<\/div>\n\t\t<\/div>\n\t\t\t\t\t\t\t\t<\/div>\n\t\t\t\t\t<\/div>\n\t\t<\/section>\n\t\t\t\t<section class=\"elementor-section elementor-top-section elementor-element elementor-element-4b60a5f elementor-section-boxed elementor-section-height-default elementor-section-height-default\" data-id=\"4b60a5f\" data-element_type=\"section\">\n\t\t\t\t\t\t<div class=\"elementor-container elementor-column-gap-default\">\n\t\t\t\t\t\t\t<div class=\"elementor-row\">\n\t\t\t\t\t<div class=\"elementor-column elementor-col-100 elementor-top-column elementor-element elementor-element-0d9458e\" data-id=\"0d9458e\" data-element_type=\"column\">\n\t\t\t<div class=\"elementor-column-wrap elementor-element-populated\">\n\t\t\t\t\t\t\t<div class=\"elementor-widget-wrap\">\n\t\t\t\t\t\t<section class=\"elementor-section elementor-inner-section elementor-element elementor-element-89acc39 elementor-section-boxed elementor-section-height-default elementor-section-height-default\" data-id=\"89acc39\" data-element_type=\"section\">\n\t\t\t\t\t\t<div class=\"elementor-container elementor-column-gap-default\">\n\t\t\t\t\t\t\t<div class=\"elementor-row\">\n\t\t\t\t\t<div class=\"elementor-column elementor-col-50 elementor-inner-column elementor-element elementor-element-7da2cdf\" data-id=\"7da2cdf\" data-element_type=\"column\">\n\t\t\t<div class=\"elementor-column-wrap elementor-element-populated\">\n\t\t\t\t\t\t\t<div class=\"elementor-widget-wrap\">\n\t\t\t\t\t\t<div class=\"elementor-element elementor-element-ddd849d elementor-widget elementor-widget-text-editor\" data-id=\"ddd849d\" data-element_type=\"widget\" data-widget_type=\"text-editor.default\">\n\t\t\t\t<div class=\"elementor-widget-container\">\n\t\t\t\t\t\t\t\t<div class=\"elementor-text-editor elementor-clearfix\">\n\t\t\t\t\t<p>Reportage <strong>France 3<\/strong> Provence<\/p>\t\t\t\t\t<\/div>\n\t\t\t\t\t\t<\/div>\n\t\t\t\t<\/div>\n\t\t\t\t\t\t<\/div>\n\t\t\t\t\t<\/div>\n\t\t<\/div>\n\t\t\t\t<div class=\"elementor-column elementor-col-50 elementor-inner-column elementor-element elementor-element-095b79f\" data-id=\"095b79f\" data-element_type=\"column\">\n\t\t\t<div class=\"elementor-column-wrap elementor-element-populated\">\n\t\t\t\t\t\t\t<div class=\"elementor-widget-wrap\">\n\t\t\t\t\t\t<div class=\"elementor-element elementor-element-798f87b elementor-aspect-ratio-169 elementor-widget elementor-widget-video\" data-id=\"798f87b\" data-element_type=\"widget\" data-settings=\"{&quot;video_type&quot;:&quot;hosted&quot;,&quot;controls&quot;:&quot;yes&quot;,&quot;aspect_ratio&quot;:&quot;169&quot;}\" data-widget_type=\"video.default\">\n\t\t\t\t<div class=\"elementor-widget-container\">\n\t\t\t\t\t<div class=\"e-hosted-video elementor-wrapper elementor-fit-aspect-ratio elementor-open-inline\">\n\t\t\t\t\t<video class=\"elementor-video\" src=\"https:\/\/escrime-paysdaix.fr\/epaaix\/wp-content\/uploads\/2024\/06\/WhatsApp-Video-2024-07-03-at-10.22.22.mp4\" controls=\"\" controlsList=\"nodownload\"><\/video>\n\t\t\t\t<\/div>\n\t\t\t\t<\/div>\n\t\t\t\t<\/div>\n\t\t\t\t\t\t<\/div>\n\t\t\t\t\t<\/div>\n\t\t<\/div>\n\t\t\t\t\t\t\t\t<\/div>\n\t\t\t\t\t<\/div>\n\t\t<\/section>\n\t\t\t\t\t\t<\/div>\n\t\t\t\t\t<\/div>\n\t\t<\/div>\n\t\t\t\t\t\t\t\t<\/div>\n\t\t\t\t\t<\/div>\n\t\t<\/section>\n\t\t\t\t<section class=\"elementor-section elementor-top-section elementor-element elementor-element-91205b8 elementor-section-boxed elementor-section-height-default elementor-section-height-default\" data-id=\"91205b8\" data-element_type=\"section\">\n\t\t\t\t\t\t<div class=\"elementor-container elementor-column-gap-default\">\n\t\t\t\t\t\t\t<div class=\"elementor-row\">\n\t\t\t\t\t<div class=\"elementor-column elementor-col-100 elementor-top-column elementor-element elementor-element-038435b\" data-id=\"038435b\" data-element_type=\"column\">\n\t\t\t<div class=\"elementor-column-wrap elementor-element-populated\">\n\t\t\t\t\t\t\t<div class=\"elementor-widget-wrap\">\n\t\t\t\t\t\t<div class=\"elementor-element elementor-element-c04858a elementor-widget elementor-widget-image-gallery\" data-id=\"c04858a\" data-element_type=\"widget\" data-widget_type=\"image-gallery.default\">\n\t\t\t\t<div class=\"elementor-widget-container\">\n\t\t\t\t\t<div class=\"elementor-image-gallery\">\n\t\t\t<div id='gallery-1' class='gallery galleryid-9315 gallery-columns-4 gallery-size-thumbnail'><figure class='gallery-item'>\n\t\t\t<div class='gallery-icon portrait'>\n\t\t\t\t<a data-elementor-open-lightbox=\"yes\" data-elementor-lightbox-slideshow=\"c04858a\" data-elementor-lightbox-title=\"WhatsApp Image 2024-07-01 at 16.38.17\" href='https:\/\/escrime-paysdaix.fr\/epaaix\/wp-content\/uploads\/2024\/06\/WhatsApp-Image-2024-07-01-at-16.38.17.jpeg'><img loading=\"lazy\" decoding=\"async\" width=\"150\" height=\"150\" src=\"https:\/\/escrime-paysdaix.fr\/epaaix\/wp-content\/uploads\/2024\/06\/WhatsApp-Image-2024-07-01-at-16.38.17-150x150.jpeg\" class=\"attachment-thumbnail size-thumbnail\" alt=\"\" aria-describedby=\"gallery-1-9416\" srcset=\"https:\/\/escrime-paysdaix.fr\/epaaix\/wp-content\/uploads\/2024\/06\/WhatsApp-Image-2024-07-01-at-16.38.17-150x150.jpeg 150w, https:\/\/escrime-paysdaix.fr\/epaaix\/wp-content\/uploads\/2024\/06\/WhatsApp-Image-2024-07-01-at-16.38.17-1024x1024.jpeg 1024w, https:\/\/escrime-paysdaix.fr\/epaaix\/wp-content\/uploads\/2024\/06\/WhatsApp-Image-2024-07-01-at-16.38.17-700x700.jpeg 700w, https:\/\/escrime-paysdaix.fr\/epaaix\/wp-content\/uploads\/2024\/06\/WhatsApp-Image-2024-07-01-at-16.38.17-300x300.jpeg 300w\" sizes=\"auto, (max-width: 150px) 100vw, 150px\" \/><\/a>\n\t\t\t<\/div>\n\t\t\t\t<figcaption class='wp-caption-text gallery-caption' id='gallery-1-9416'>\n\t\t\t\tMaxime Pianfetti et Jean Claude\n\t\t\t\t<\/figcaption><\/figure><figure class='gallery-item'>\n\t\t\t<div class='gallery-icon portrait'>\n\t\t\t\t<a data-elementor-open-lightbox=\"yes\" data-elementor-lightbox-slideshow=\"c04858a\" data-elementor-lightbox-title=\"WhatsApp Image 2024-07-01 at 17.23.28\" href='https:\/\/escrime-paysdaix.fr\/epaaix\/wp-content\/uploads\/2024\/06\/WhatsApp-Image-2024-07-01-at-17.23.28.jpeg'><img loading=\"lazy\" decoding=\"async\" width=\"150\" height=\"150\" src=\"https:\/\/escrime-paysdaix.fr\/epaaix\/wp-content\/uploads\/2024\/06\/WhatsApp-Image-2024-07-01-at-17.23.28-150x150.jpeg\" class=\"attachment-thumbnail size-thumbnail\" alt=\"\" aria-describedby=\"gallery-1-9415\" srcset=\"https:\/\/escrime-paysdaix.fr\/epaaix\/wp-content\/uploads\/2024\/06\/WhatsApp-Image-2024-07-01-at-17.23.28-150x150.jpeg 150w, https:\/\/escrime-paysdaix.fr\/epaaix\/wp-content\/uploads\/2024\/06\/WhatsApp-Image-2024-07-01-at-17.23.28-1024x1024.jpeg 1024w, https:\/\/escrime-paysdaix.fr\/epaaix\/wp-content\/uploads\/2024\/06\/WhatsApp-Image-2024-07-01-at-17.23.28-700x700.jpeg 700w, https:\/\/escrime-paysdaix.fr\/epaaix\/wp-content\/uploads\/2024\/06\/WhatsApp-Image-2024-07-01-at-17.23.28-300x300.jpeg 300w\" sizes=\"auto, (max-width: 150px) 100vw, 150px\" \/><\/a>\n\t\t\t<\/div>\n\t\t\t\t<figcaption class='wp-caption-text gallery-caption' id='gallery-1-9415'>\n\t\t\t\tEquipe d&#8217;Egypte\n\t\t\t\t<\/figcaption><\/figure><figure class='gallery-item'>\n\t\t\t<div class='gallery-icon landscape'>\n\t\t\t\t<a data-elementor-open-lightbox=\"yes\" data-elementor-lightbox-slideshow=\"c04858a\" data-elementor-lightbox-title=\"WhatsApp Image 2024-07-03 at 10.47.09\" href='https:\/\/escrime-paysdaix.fr\/epaaix\/wp-content\/uploads\/2024\/06\/WhatsApp-Image-2024-07-03-at-10.47.09.jpeg'><img loading=\"lazy\" decoding=\"async\" width=\"150\" height=\"150\" src=\"https:\/\/escrime-paysdaix.fr\/epaaix\/wp-content\/uploads\/2024\/06\/WhatsApp-Image-2024-07-03-at-10.47.09-150x150.jpeg\" class=\"attachment-thumbnail size-thumbnail\" alt=\"\" aria-describedby=\"gallery-1-9414\" srcset=\"https:\/\/escrime-paysdaix.fr\/epaaix\/wp-content\/uploads\/2024\/06\/WhatsApp-Image-2024-07-03-at-10.47.09-150x150.jpeg 150w, https:\/\/escrime-paysdaix.fr\/epaaix\/wp-content\/uploads\/2024\/06\/WhatsApp-Image-2024-07-03-at-10.47.09-1024x1024.jpeg 1024w, https:\/\/escrime-paysdaix.fr\/epaaix\/wp-content\/uploads\/2024\/06\/WhatsApp-Image-2024-07-03-at-10.47.09-700x700.jpeg 700w, https:\/\/escrime-paysdaix.fr\/epaaix\/wp-content\/uploads\/2024\/06\/WhatsApp-Image-2024-07-03-at-10.47.09-300x300.jpeg 300w\" sizes=\"auto, (max-width: 150px) 100vw, 150px\" \/><\/a>\n\t\t\t<\/div>\n\t\t\t\t<figcaption class='wp-caption-text gallery-caption' id='gallery-1-9414'>\n\t\t\t\tChez Mmme la vice consule d&#8217;Egypte\n\t\t\t\t<\/figcaption><\/figure><figure class='gallery-item'>\n\t\t\t<div class='gallery-icon landscape'>\n\t\t\t\t<a data-elementor-open-lightbox=\"yes\" data-elementor-lightbox-slideshow=\"c04858a\" data-elementor-lightbox-title=\"WhatsApp Image 2024-07-03 at 10.47.27\" href='https:\/\/escrime-paysdaix.fr\/epaaix\/wp-content\/uploads\/2024\/06\/WhatsApp-Image-2024-07-03-at-10.47.27.jpeg'><img loading=\"lazy\" decoding=\"async\" width=\"150\" height=\"150\" src=\"https:\/\/escrime-paysdaix.fr\/epaaix\/wp-content\/uploads\/2024\/06\/WhatsApp-Image-2024-07-03-at-10.47.27-150x150.jpeg\" class=\"attachment-thumbnail size-thumbnail\" alt=\"\" aria-describedby=\"gallery-1-9413\" srcset=\"https:\/\/escrime-paysdaix.fr\/epaaix\/wp-content\/uploads\/2024\/06\/WhatsApp-Image-2024-07-03-at-10.47.27-150x150.jpeg 150w, https:\/\/escrime-paysdaix.fr\/epaaix\/wp-content\/uploads\/2024\/06\/WhatsApp-Image-2024-07-03-at-10.47.27-1024x1024.jpeg 1024w, https:\/\/escrime-paysdaix.fr\/epaaix\/wp-content\/uploads\/2024\/06\/WhatsApp-Image-2024-07-03-at-10.47.27-700x700.jpeg 700w, https:\/\/escrime-paysdaix.fr\/epaaix\/wp-content\/uploads\/2024\/06\/WhatsApp-Image-2024-07-03-at-10.47.27-300x300.jpeg 300w\" sizes=\"auto, (max-width: 150px) 100vw, 150px\" \/><\/a>\n\t\t\t<\/div>\n\t\t\t\t<figcaption class='wp-caption-text gallery-caption' id='gallery-1-9413'>\n\t\t\t\tEgyptian Team\n\t\t\t\t<\/figcaption><\/figure><figure class='gallery-item'>\n\t\t\t<div class='gallery-icon portrait'>\n\t\t\t\t<a data-elementor-open-lightbox=\"yes\" data-elementor-lightbox-slideshow=\"c04858a\" data-elementor-lightbox-title=\"WhatsApp Image 2024-07-01 at 15.58.51\" href='https:\/\/escrime-paysdaix.fr\/epaaix\/wp-content\/uploads\/2024\/06\/WhatsApp-Image-2024-07-01-at-15.58.51-e1719996145294.jpeg'><img loading=\"lazy\" decoding=\"async\" width=\"150\" height=\"150\" src=\"https:\/\/escrime-paysdaix.fr\/epaaix\/wp-content\/uploads\/2024\/06\/WhatsApp-Image-2024-07-01-at-15.58.51-e1719996145294-150x150.jpeg\" class=\"attachment-thumbnail size-thumbnail\" alt=\"\" aria-describedby=\"gallery-1-9410\" srcset=\"https:\/\/escrime-paysdaix.fr\/epaaix\/wp-content\/uploads\/2024\/06\/WhatsApp-Image-2024-07-01-at-15.58.51-e1719996145294-150x150.jpeg 150w, https:\/\/escrime-paysdaix.fr\/epaaix\/wp-content\/uploads\/2024\/06\/WhatsApp-Image-2024-07-01-at-15.58.51-e1719996145294-300x300.jpeg 300w\" sizes=\"auto, (max-width: 150px) 100vw, 150px\" \/><\/a>\n\t\t\t<\/div>\n\t\t\t\t<figcaption class='wp-caption-text gallery-caption' id='gallery-1-9410'>\n\t\t\t\tles allemands a l&#8217;entrainement\n\t\t\t\t<\/figcaption><\/figure><figure class='gallery-item'>\n\t\t\t<div class='gallery-icon landscape'>\n\t\t\t\t<a data-elementor-open-lightbox=\"yes\" data-elementor-lightbox-slideshow=\"c04858a\" data-elementor-lightbox-title=\"WhatsApp Image 2024-07-03 at 09.49.18\" href='https:\/\/escrime-paysdaix.fr\/epaaix\/wp-content\/uploads\/2024\/06\/WhatsApp-Image-2024-07-03-at-09.49.18-e1719996121640.jpeg'><img loading=\"lazy\" decoding=\"async\" width=\"150\" height=\"150\" src=\"https:\/\/escrime-paysdaix.fr\/epaaix\/wp-content\/uploads\/2024\/06\/WhatsApp-Image-2024-07-03-at-09.49.18-e1719996121640-150x150.jpeg\" class=\"attachment-thumbnail size-thumbnail\" alt=\"\" aria-describedby=\"gallery-1-9411\" srcset=\"https:\/\/escrime-paysdaix.fr\/epaaix\/wp-content\/uploads\/2024\/06\/WhatsApp-Image-2024-07-03-at-09.49.18-e1719996121640-150x150.jpeg 150w, https:\/\/escrime-paysdaix.fr\/epaaix\/wp-content\/uploads\/2024\/06\/WhatsApp-Image-2024-07-03-at-09.49.18-e1719996121640-300x300.jpeg 300w\" sizes=\"auto, (max-width: 150px) 100vw, 150px\" \/><\/a>\n\t\t\t<\/div>\n\t\t\t\t<figcaption class='wp-caption-text gallery-caption' id='gallery-1-9411'>\n\t\t\t\ttoutes les equipes\n\t\t\t\t<\/figcaption><\/figure>\n\t\t<\/div>\n\t\t<\/div>\n\t\t\t\t<\/div>\n\t\t\t\t<\/div>\n\t\t\t\t\t\t<\/div>\n\t\t\t\t\t<\/div>\n\t\t<\/div>\n\t\t\t\t\t\t\t\t<\/div>\n\t\t\t\t\t<\/div>\n\t\t<\/section>\n\t\t\t\t\t\t<\/div>\n\t\t\t\t\t\t<\/div>\n\t\t\t\t\t<\/div>\n\t\t","protected":false},"excerpt":{"rendered":"<p>L&#8217;Escrime Pays d&#8217;Aix accueillera \u00e0 la Maison des Arts de Combatles \u00e9quipes nationales masculines de sabre d&#8217;\u00c9gypte, de France et d&#8217;Allemagne. Pr\u00e9paration olympique Ce stage depr\u00e9paration aux Jeux Olympiques de Paris 2024 b\u00e9n\u00e9ficie du soutien du d\u00e9partement des Bouches-du-Rh\u00f4ne, labellis\u00e9 &#8220;Terre d&#8217;accueil des JO&#8221;. Apr\u00e8s la venue en avril de l&#8217;\u00e9quipe de France f\u00e9minine de [&hellip;]<\/p>\n","protected":false},"author":7,"featured_media":7338,"comment_status":"closed","ping_status":"closed","sticky":false,"template":"","format":"standard","meta":{"_eb_attr":"","_jetpack_memberships_contains_paid_content":false,"footnotes":""},"categories":[32,53],"tags":[],"agecategorytags":[],"weaponcategorytags":[47],"seasoncategorytags":[],"class_list":["post-9315","post","type-post","status-publish","format-standard","has-post-thumbnail","hentry","category-news","category-stages","weaponcategorytags-sabre"],"yoast_head":"<!-- This site is optimized with the Yoast SEO plugin v23.4 - https:\/\/yoast.com\/wordpress\/plugins\/seo\/ -->\n<title>Le Sabre international en stage \u00e0 l&#039;EPA - Epa - Escrime Pays d Aix<\/title>\n<meta name=\"robots\" content=\"index, follow, max-snippet:-1, max-image-preview:large, max-video-preview:-1\" \/>\n<link rel=\"canonical\" href=\"https:\/\/escrime-paysdaix.fr\/epaaix\/le-sabre-international-en-stage-a-lepa\/\" \/>\n<meta property=\"og:locale\" content=\"fr_FR\" \/>\n<meta property=\"og:type\" content=\"article\" \/>\n<meta property=\"og:title\" content=\"Le Sabre international en stage \u00e0 l&#039;EPA - Epa - Escrime Pays d Aix\" \/>\n<meta property=\"og:description\" content=\"L&#8217;Escrime Pays d&#8217;Aix accueillera \u00e0 la Maison des Arts de Combatles \u00e9quipes nationales masculines de sabre d&#8217;\u00c9gypte, de France et d&#8217;Allemagne. Pr\u00e9paration olympique Ce stage depr\u00e9paration aux Jeux Olympiques de Paris 2024 b\u00e9n\u00e9ficie du soutien du d\u00e9partement des Bouches-du-Rh\u00f4ne, labellis\u00e9 &#8220;Terre d&#8217;accueil des JO&#8221;. Apr\u00e8s la venue en avril de l&#8217;\u00e9quipe de France f\u00e9minine de [&hellip;]\" \/>\n<meta property=\"og:url\" content=\"https:\/\/escrime-paysdaix.fr\/epaaix\/le-sabre-international-en-stage-a-lepa\/\" \/>\n<meta property=\"og:site_name\" content=\"Epa - Escrime Pays d Aix\" \/>\n<meta property=\"article:publisher\" content=\"https:\/\/www.facebook.com\/EscrimePaysDAix\" \/>\n<meta property=\"article:published_time\" content=\"2024-06-26T09:27:16+00:00\" \/>\n<meta property=\"article:modified_time\" content=\"2024-07-03T08:53:17+00:00\" \/>\n<meta property=\"og:image\" content=\"https:\/\/i0.wp.com\/escrime-paysdaix.fr\/epaaix\/wp-content\/uploads\/2022\/06\/FFE_EPA.png?fit=1256%2C334&ssl=1\" \/>\n\t<meta property=\"og:image:width\" content=\"1256\" \/>\n\t<meta property=\"og:image:height\" content=\"334\" \/>\n\t<meta property=\"og:image:type\" content=\"image\/png\" \/>\n<meta name=\"author\" content=\"Fr\u00e9d\u00e9ric Negroni\" \/>\n<meta name=\"twitter:card\" content=\"summary_large_image\" \/>\n<meta name=\"twitter:creator\" content=\"@Epa_Escrime\" \/>\n<meta name=\"twitter:site\" content=\"@Epa_Escrime\" \/>\n<meta name=\"twitter:label1\" content=\"\u00c9crit par\" \/>\n\t<meta name=\"twitter:data1\" content=\"Fr\u00e9d\u00e9ric Negroni\" \/>\n\t<meta name=\"twitter:label2\" content=\"Dur\u00e9e de lecture estim\u00e9e\" \/>\n\t<meta name=\"twitter:data2\" content=\"1 minute\" \/>\n<script type=\"application\/ld+json\" class=\"yoast-schema-graph\">{\"@context\":\"https:\/\/schema.org\",\"@graph\":[{\"@type\":\"Article\",\"@id\":\"https:\/\/escrime-paysdaix.fr\/epaaix\/le-sabre-international-en-stage-a-lepa\/#article\",\"isPartOf\":{\"@id\":\"https:\/\/escrime-paysdaix.fr\/epaaix\/le-sabre-international-en-stage-a-lepa\/\"},\"author\":{\"name\":\"Fr\u00e9d\u00e9ric Negroni\",\"@id\":\"https:\/\/escrime-paysdaix.fr\/epaaix\/#\/schema\/person\/cc3d542e60a4ab92a27db856b86df394\"},\"headline\":\"Le Sabre international en stage \u00e0 l&#8217;EPA\",\"datePublished\":\"2024-06-26T09:27:16+00:00\",\"dateModified\":\"2024-07-03T08:53:17+00:00\",\"mainEntityOfPage\":{\"@id\":\"https:\/\/escrime-paysdaix.fr\/epaaix\/le-sabre-international-en-stage-a-lepa\/\"},\"wordCount\":227,\"publisher\":{\"@id\":\"https:\/\/escrime-paysdaix.fr\/epaaix\/#organization\"},\"image\":{\"@id\":\"https:\/\/escrime-paysdaix.fr\/epaaix\/le-sabre-international-en-stage-a-lepa\/#primaryimage\"},\"thumbnailUrl\":\"https:\/\/escrime-paysdaix.fr\/epaaix\/wp-content\/uploads\/2022\/06\/FFE_EPA.png\",\"articleSection\":[\"Actu\",\"Stages\"],\"inLanguage\":\"fr-FR\"},{\"@type\":\"WebPage\",\"@id\":\"https:\/\/escrime-paysdaix.fr\/epaaix\/le-sabre-international-en-stage-a-lepa\/\",\"url\":\"https:\/\/escrime-paysdaix.fr\/epaaix\/le-sabre-international-en-stage-a-lepa\/\",\"name\":\"Le Sabre international en stage \u00e0 l'EPA - Epa - Escrime Pays d Aix\",\"isPartOf\":{\"@id\":\"https:\/\/escrime-paysdaix.fr\/epaaix\/#website\"},\"primaryImageOfPage\":{\"@id\":\"https:\/\/escrime-paysdaix.fr\/epaaix\/le-sabre-international-en-stage-a-lepa\/#primaryimage\"},\"image\":{\"@id\":\"https:\/\/escrime-paysdaix.fr\/epaaix\/le-sabre-international-en-stage-a-lepa\/#primaryimage\"},\"thumbnailUrl\":\"https:\/\/escrime-paysdaix.fr\/epaaix\/wp-content\/uploads\/2022\/06\/FFE_EPA.png\",\"datePublished\":\"2024-06-26T09:27:16+00:00\",\"dateModified\":\"2024-07-03T08:53:17+00:00\",\"breadcrumb\":{\"@id\":\"https:\/\/escrime-paysdaix.fr\/epaaix\/le-sabre-international-en-stage-a-lepa\/#breadcrumb\"},\"inLanguage\":\"fr-FR\",\"potentialAction\":[{\"@type\":\"ReadAction\",\"target\":[\"https:\/\/escrime-paysdaix.fr\/epaaix\/le-sabre-international-en-stage-a-lepa\/\"]}]},{\"@type\":\"ImageObject\",\"inLanguage\":\"fr-FR\",\"@id\":\"https:\/\/escrime-paysdaix.fr\/epaaix\/le-sabre-international-en-stage-a-lepa\/#primaryimage\",\"url\":\"https:\/\/escrime-paysdaix.fr\/epaaix\/wp-content\/uploads\/2022\/06\/FFE_EPA.png\",\"contentUrl\":\"https:\/\/escrime-paysdaix.fr\/epaaix\/wp-content\/uploads\/2022\/06\/FFE_EPA.png\",\"width\":1256,\"height\":334},{\"@type\":\"BreadcrumbList\",\"@id\":\"https:\/\/escrime-paysdaix.fr\/epaaix\/le-sabre-international-en-stage-a-lepa\/#breadcrumb\",\"itemListElement\":[{\"@type\":\"ListItem\",\"position\":1,\"name\":\"Accueil\",\"item\":\"https:\/\/escrime-paysdaix.fr\/epaaix\/\"},{\"@type\":\"ListItem\",\"position\":2,\"name\":\"Le Sabre international en stage \u00e0 l&#8217;EPA\"}]},{\"@type\":\"WebSite\",\"@id\":\"https:\/\/escrime-paysdaix.fr\/epaaix\/#website\",\"url\":\"https:\/\/escrime-paysdaix.fr\/epaaix\/\",\"name\":\"Epa - Escrime Pays d Aix\",\"description\":\"Club d escrime \u00e0 Aix en Provence. Formation Loisir Comp\u00e9tition\",\"publisher\":{\"@id\":\"https:\/\/escrime-paysdaix.fr\/epaaix\/#organization\"},\"potentialAction\":[{\"@type\":\"SearchAction\",\"target\":{\"@type\":\"EntryPoint\",\"urlTemplate\":\"https:\/\/escrime-paysdaix.fr\/epaaix\/?s={search_term_string}\"},\"query-input\":{\"@type\":\"PropertyValueSpecification\",\"valueRequired\":true,\"valueName\":\"search_term_string\"}}],\"inLanguage\":\"fr-FR\"},{\"@type\":\"Organization\",\"@id\":\"https:\/\/escrime-paysdaix.fr\/epaaix\/#organization\",\"name\":\"Epa - Escrime Pays d Aix\",\"url\":\"https:\/\/escrime-paysdaix.fr\/epaaix\/\",\"logo\":{\"@type\":\"ImageObject\",\"inLanguage\":\"fr-FR\",\"@id\":\"https:\/\/escrime-paysdaix.fr\/epaaix\/#\/schema\/logo\/image\/\",\"url\":\"https:\/\/escrime-paysdaix.fr\/epaaix\/wp-content\/uploads\/2021\/03\/epa_logo.png\",\"contentUrl\":\"https:\/\/escrime-paysdaix.fr\/epaaix\/wp-content\/uploads\/2021\/03\/epa_logo.png\",\"width\":474,\"height\":596,\"caption\":\"Epa - Escrime Pays d Aix\"},\"image\":{\"@id\":\"https:\/\/escrime-paysdaix.fr\/epaaix\/#\/schema\/logo\/image\/\"},\"sameAs\":[\"https:\/\/www.facebook.com\/EscrimePaysDAix\",\"https:\/\/x.com\/Epa_Escrime\",\"https:\/\/www.instagram.com\/escrime_aix\",\"https:\/\/www.youtube.com\/channel\/UC0oH02jUultLPvDckstp_UQ\"]},{\"@type\":\"Person\",\"@id\":\"https:\/\/escrime-paysdaix.fr\/epaaix\/#\/schema\/person\/cc3d542e60a4ab92a27db856b86df394\",\"name\":\"Fr\u00e9d\u00e9ric Negroni\",\"url\":\"https:\/\/escrime-paysdaix.fr\/epaaix\/author\/fredn\/\"}]}<\/script>\n<!-- \/ Yoast SEO plugin. -->","yoast_head_json":{"title":"Le Sabre international en stage \u00e0 l'EPA - Epa - Escrime Pays d Aix","robots":{"index":"index","follow":"follow","max-snippet":"max-snippet:-1","max-image-preview":"max-image-preview:large","max-video-preview":"max-video-preview:-1"},"canonical":"https:\/\/escrime-paysdaix.fr\/epaaix\/le-sabre-international-en-stage-a-lepa\/","og_locale":"fr_FR","og_type":"article","og_title":"Le Sabre international en stage \u00e0 l'EPA - Epa - Escrime Pays d Aix","og_description":"L&#8217;Escrime Pays d&#8217;Aix accueillera \u00e0 la Maison des Arts de Combatles \u00e9quipes nationales masculines de sabre d&#8217;\u00c9gypte, de France et d&#8217;Allemagne. Pr\u00e9paration olympique Ce stage depr\u00e9paration aux Jeux Olympiques de Paris 2024 b\u00e9n\u00e9ficie du soutien du d\u00e9partement des Bouches-du-Rh\u00f4ne, labellis\u00e9 &#8220;Terre d&#8217;accueil des JO&#8221;. Apr\u00e8s la venue en avril de l&#8217;\u00e9quipe de France f\u00e9minine de [&hellip;]","og_url":"https:\/\/escrime-paysdaix.fr\/epaaix\/le-sabre-international-en-stage-a-lepa\/","og_site_name":"Epa - Escrime Pays d Aix","article_publisher":"https:\/\/www.facebook.com\/EscrimePaysDAix","article_published_time":"2024-06-26T09:27:16+00:00","article_modified_time":"2024-07-03T08:53:17+00:00","og_image":[{"width":1256,"height":334,"url":"https:\/\/i0.wp.com\/escrime-paysdaix.fr\/epaaix\/wp-content\/uploads\/2022\/06\/FFE_EPA.png?fit=1256%2C334&ssl=1","type":"image\/png"}],"author":"Fr\u00e9d\u00e9ric Negroni","twitter_card":"summary_large_image","twitter_creator":"@Epa_Escrime","twitter_site":"@Epa_Escrime","twitter_misc":{"\u00c9crit par":"Fr\u00e9d\u00e9ric Negroni","Dur\u00e9e de lecture estim\u00e9e":"1 minute"},"schema":{"@context":"https:\/\/schema.org","@graph":[{"@type":"Article","@id":"https:\/\/escrime-paysdaix.fr\/epaaix\/le-sabre-international-en-stage-a-lepa\/#article","isPartOf":{"@id":"https:\/\/escrime-paysdaix.fr\/epaaix\/le-sabre-international-en-stage-a-lepa\/"},"author":{"name":"Fr\u00e9d\u00e9ric Negroni","@id":"https:\/\/escrime-paysdaix.fr\/epaaix\/#\/schema\/person\/cc3d542e60a4ab92a27db856b86df394"},"headline":"Le Sabre international en stage \u00e0 l&#8217;EPA","datePublished":"2024-06-26T09:27:16+00:00","dateModified":"2024-07-03T08:53:17+00:00","mainEntityOfPage":{"@id":"https:\/\/escrime-paysdaix.fr\/epaaix\/le-sabre-international-en-stage-a-lepa\/"},"wordCount":227,"publisher":{"@id":"https:\/\/escrime-paysdaix.fr\/epaaix\/#organization"},"image":{"@id":"https:\/\/escrime-paysdaix.fr\/epaaix\/le-sabre-international-en-stage-a-lepa\/#primaryimage"},"thumbnailUrl":"https:\/\/escrime-paysdaix.fr\/epaaix\/wp-content\/uploads\/2022\/06\/FFE_EPA.png","articleSection":["Actu","Stages"],"inLanguage":"fr-FR"},{"@type":"WebPage","@id":"https:\/\/escrime-paysdaix.fr\/epaaix\/le-sabre-international-en-stage-a-lepa\/","url":"https:\/\/escrime-paysdaix.fr\/epaaix\/le-sabre-international-en-stage-a-lepa\/","name":"Le Sabre international en stage \u00e0 l'EPA - Epa - Escrime Pays d Aix","isPartOf":{"@id":"https:\/\/escrime-paysdaix.fr\/epaaix\/#website"},"primaryImageOfPage":{"@id":"https:\/\/escrime-paysdaix.fr\/epaaix\/le-sabre-international-en-stage-a-lepa\/#primaryimage"},"image":{"@id":"https:\/\/escrime-paysdaix.fr\/epaaix\/le-sabre-international-en-stage-a-lepa\/#primaryimage"},"thumbnailUrl":"https:\/\/escrime-paysdaix.fr\/epaaix\/wp-content\/uploads\/2022\/06\/FFE_EPA.png","datePublished":"2024-06-26T09:27:16+00:00","dateModified":"2024-07-03T08:53:17+00:00","breadcrumb":{"@id":"https:\/\/escrime-paysdaix.fr\/epaaix\/le-sabre-international-en-stage-a-lepa\/#breadcrumb"},"inLanguage":"fr-FR","potentialAction":[{"@type":"ReadAction","target":["https:\/\/escrime-paysdaix.fr\/epaaix\/le-sabre-international-en-stage-a-lepa\/"]}]},{"@type":"ImageObject","inLanguage":"fr-FR","@id":"https:\/\/escrime-paysdaix.fr\/epaaix\/le-sabre-international-en-stage-a-lepa\/#primaryimage","url":"https:\/\/escrime-paysdaix.fr\/epaaix\/wp-content\/uploads\/2022\/06\/FFE_EPA.png","contentUrl":"https:\/\/escrime-paysdaix.fr\/epaaix\/wp-content\/uploads\/2022\/06\/FFE_EPA.png","width":1256,"height":334},{"@type":"BreadcrumbList","@id":"https:\/\/escrime-paysdaix.fr\/epaaix\/le-sabre-international-en-stage-a-lepa\/#breadcrumb","itemListElement":[{"@type":"ListItem","position":1,"name":"Accueil","item":"https:\/\/escrime-paysdaix.fr\/epaaix\/"},{"@type":"ListItem","position":2,"name":"Le Sabre international en stage \u00e0 l&#8217;EPA"}]},{"@type":"WebSite","@id":"https:\/\/escrime-paysdaix.fr\/epaaix\/#website","url":"https:\/\/escrime-paysdaix.fr\/epaaix\/","name":"Epa - Escrime Pays d Aix","description":"Club d escrime \u00e0 Aix en Provence. Formation Loisir Comp\u00e9tition","publisher":{"@id":"https:\/\/escrime-paysdaix.fr\/epaaix\/#organization"},"potentialAction":[{"@type":"SearchAction","target":{"@type":"EntryPoint","urlTemplate":"https:\/\/escrime-paysdaix.fr\/epaaix\/?s={search_term_string}"},"query-input":{"@type":"PropertyValueSpecification","valueRequired":true,"valueName":"search_term_string"}}],"inLanguage":"fr-FR"},{"@type":"Organization","@id":"https:\/\/escrime-paysdaix.fr\/epaaix\/#organization","name":"Epa - Escrime Pays d Aix","url":"https:\/\/escrime-paysdaix.fr\/epaaix\/","logo":{"@type":"ImageObject","inLanguage":"fr-FR","@id":"https:\/\/escrime-paysdaix.fr\/epaaix\/#\/schema\/logo\/image\/","url":"https:\/\/escrime-paysdaix.fr\/epaaix\/wp-content\/uploads\/2021\/03\/epa_logo.png","contentUrl":"https:\/\/escrime-paysdaix.fr\/epaaix\/wp-content\/uploads\/2021\/03\/epa_logo.png","width":474,"height":596,"caption":"Epa - Escrime Pays d Aix"},"image":{"@id":"https:\/\/escrime-paysdaix.fr\/epaaix\/#\/schema\/logo\/image\/"},"sameAs":["https:\/\/www.facebook.com\/EscrimePaysDAix","https:\/\/x.com\/Epa_Escrime","https:\/\/www.instagram.com\/escrime_aix","https:\/\/www.youtube.com\/channel\/UC0oH02jUultLPvDckstp_UQ"]},{"@type":"Person","@id":"https:\/\/escrime-paysdaix.fr\/epaaix\/#\/schema\/person\/cc3d542e60a4ab92a27db856b86df394","name":"Fr\u00e9d\u00e9ric Negroni","url":"https:\/\/escrime-paysdaix.fr\/epaaix\/author\/fredn\/"}]}},"jetpack_featured_media_url":"https:\/\/escrime-paysdaix.fr\/epaaix\/wp-content\/uploads\/2022\/06\/FFE_EPA.png","jetpack_sharing_enabled":true,"_links":{"self":[{"href":"https:\/\/escrime-paysdaix.fr\/epaaix\/wp-json\/wp\/v2\/posts\/9315","targetHints":{"allow":["GET"]}}],"collection":[{"href":"https:\/\/escrime-paysdaix.fr\/epaaix\/wp-json\/wp\/v2\/posts"}],"about":[{"href":"https:\/\/escrime-paysdaix.fr\/epaaix\/wp-json\/wp\/v2\/types\/post"}],"author":[{"embeddable":true,"href":"https:\/\/escrime-paysdaix.fr\/epaaix\/wp-json\/wp\/v2\/users\/7"}],"replies":[{"embeddable":true,"href":"https:\/\/escrime-paysdaix.fr\/epaaix\/wp-json\/wp\/v2\/comments?post=9315"}],"version-history":[{"count":0,"href":"https:\/\/escrime-paysdaix.fr\/epaaix\/wp-json\/wp\/v2\/posts\/9315\/revisions"}],"wp:featuredmedia":[{"embeddable":true,"href":"https:\/\/escrime-paysdaix.fr\/epaaix\/wp-json\/wp\/v2\/media\/7338"}],"wp:attachment":[{"href":"https:\/\/escrime-paysdaix.fr\/epaaix\/wp-json\/wp\/v2\/media?parent=9315"}],"wp:term":[{"taxonomy":"category","embeddable":true,"href":"https:\/\/escrime-paysdaix.fr\/epaaix\/wp-json\/wp\/v2\/categories?post=9315"},{"taxonomy":"post_tag","embeddable":true,"href":"https:\/\/escrime-paysdaix.fr\/epaaix\/wp-json\/wp\/v2\/tags?post=9315"},{"taxonomy":"agecategorytags","embeddable":true,"href":"https:\/\/escrime-paysdaix.fr\/epaaix\/wp-json\/wp\/v2\/agecategorytags?post=9315"},{"taxonomy":"weaponcategorytags","embeddable":true,"href":"https:\/\/escrime-paysdaix.fr\/epaaix\/wp-json\/wp\/v2\/weaponcategorytags?post=9315"},{"taxonomy":"seasoncategorytags","embeddable":true,"href":"https:\/\/escrime-paysdaix.fr\/epaaix\/wp-json\/wp\/v2\/seasoncategorytags?post=9315"}],"curies":[{"name":"wp","href":"https:\/\/api.w.org\/{rel}","templated":true}]}}