{"id":8539,"date":"2024-02-28T09:16:09","date_gmt":"2024-02-28T09:16:09","guid":{"rendered":"https:\/\/escrime-paysdaix.fr\/epaaix\/?p=8539"},"modified":"2024-02-28T09:16:44","modified_gmt":"2024-02-28T09:16:44","slug":"grand-prix-turin-joffrey-mader","status":"publish","type":"post","link":"https:\/\/escrime-paysdaix.fr\/epaaix\/grand-prix-turin-joffrey-mader\/","title":{"rendered":"GRAND PRIX TURIN : Joffrey MADER"},"content":{"rendered":"\n<p class=\"has-medium-font-size\">Le 10 avait lieu le Grand Prix de Turin ou Joffrey Mader faisait partie de la d\u00e9l\u00e9gation fran\u00e7aise, il r\u00e9alise une tres belle performance, avec 4V et 2D en poule, il perd en T64 pour finir 5\u00e8me fran\u00e7ais \u00e0 la 51\u00e8me place.<br><br><\/p>\n","protected":false},"excerpt":{"rendered":"<p>Le 10 avait lieu le Grand Prix de Turin ou Joffrey Mader faisait partie de la d\u00e9l\u00e9gation fran\u00e7aise, il r\u00e9alise une tres belle performance, avec 4V et 2D en poule, il perd en T64 pour finir 5\u00e8me fran\u00e7ais \u00e0 la 51\u00e8me place.<\/p>\n","protected":false},"author":3,"featured_media":8540,"comment_status":"closed","ping_status":"closed","sticky":false,"template":"","format":"standard","meta":{"_eb_attr":"","_jetpack_memberships_contains_paid_content":false,"footnotes":""},"categories":[32,2],"tags":[],"agecategorytags":[],"weaponcategorytags":[45],"seasoncategorytags":[86],"class_list":["post-8539","post","type-post","status-publish","format-standard","has-post-thumbnail","hentry","category-news","category-vieduclub","weaponcategorytags-fleuret","seasoncategorytags-2023-2024"],"yoast_head":"<!-- This site is optimized with the Yoast SEO plugin v23.4 - https:\/\/yoast.com\/wordpress\/plugins\/seo\/ -->\n<title>GRAND PRIX TURIN : Joffrey MADER - Epa - Escrime Pays d Aix<\/title>\n<meta name=\"robots\" content=\"index, follow, max-snippet:-1, max-image-preview:large, max-video-preview:-1\" \/>\n<link rel=\"canonical\" href=\"https:\/\/escrime-paysdaix.fr\/epaaix\/grand-prix-turin-joffrey-mader\/\" \/>\n<meta property=\"og:locale\" content=\"fr_FR\" \/>\n<meta property=\"og:type\" content=\"article\" \/>\n<meta property=\"og:title\" content=\"GRAND PRIX TURIN : Joffrey MADER - Epa - Escrime Pays d Aix\" \/>\n<meta property=\"og:description\" content=\"Le 10 avait lieu le Grand Prix de Turin ou Joffrey Mader faisait partie de la d\u00e9l\u00e9gation fran\u00e7aise, il r\u00e9alise une tres belle performance, avec 4V et 2D en poule, il perd en T64 pour finir 5\u00e8me fran\u00e7ais \u00e0 la 51\u00e8me place.\" \/>\n<meta property=\"og:url\" content=\"https:\/\/escrime-paysdaix.fr\/epaaix\/grand-prix-turin-joffrey-mader\/\" \/>\n<meta property=\"og:site_name\" content=\"Epa - Escrime Pays d Aix\" \/>\n<meta property=\"article:publisher\" content=\"https:\/\/www.facebook.com\/EscrimePaysDAix\" \/>\n<meta property=\"article:published_time\" content=\"2024-02-28T09:16:09+00:00\" \/>\n<meta property=\"article:modified_time\" content=\"2024-02-28T09:16:44+00:00\" \/>\n<meta property=\"og:image\" content=\"https:\/\/i0.wp.com\/escrime-paysdaix.fr\/epaaix\/wp-content\/uploads\/2024\/02\/Turin2024.png?fit=1082%2C560&ssl=1\" \/>\n\t<meta property=\"og:image:width\" content=\"1082\" \/>\n\t<meta property=\"og:image:height\" content=\"560\" \/>\n\t<meta property=\"og:image:type\" content=\"image\/png\" \/>\n<meta name=\"author\" content=\"Jean-Matthieu Charpentier\" \/>\n<meta name=\"twitter:card\" content=\"summary_large_image\" \/>\n<meta name=\"twitter:creator\" content=\"@Epa_Escrime\" \/>\n<meta name=\"twitter:site\" content=\"@Epa_Escrime\" \/>\n<meta name=\"twitter:label1\" content=\"\u00c9crit par\" \/>\n\t<meta name=\"twitter:data1\" content=\"Jean-Matthieu Charpentier\" \/>\n<script type=\"application\/ld+json\" class=\"yoast-schema-graph\">{\"@context\":\"https:\/\/schema.org\",\"@graph\":[{\"@type\":\"Article\",\"@id\":\"https:\/\/escrime-paysdaix.fr\/epaaix\/grand-prix-turin-joffrey-mader\/#article\",\"isPartOf\":{\"@id\":\"https:\/\/escrime-paysdaix.fr\/epaaix\/grand-prix-turin-joffrey-mader\/\"},\"author\":{\"name\":\"Jean-Matthieu Charpentier\",\"@id\":\"https:\/\/escrime-paysdaix.fr\/epaaix\/#\/schema\/person\/a07401bcfa68df0c8e9d169e163f83fc\"},\"headline\":\"GRAND PRIX TURIN : Joffrey MADER\",\"datePublished\":\"2024-02-28T09:16:09+00:00\",\"dateModified\":\"2024-02-28T09:16:44+00:00\",\"mainEntityOfPage\":{\"@id\":\"https:\/\/escrime-paysdaix.fr\/epaaix\/grand-prix-turin-joffrey-mader\/\"},\"wordCount\":50,\"publisher\":{\"@id\":\"https:\/\/escrime-paysdaix.fr\/epaaix\/#organization\"},\"image\":{\"@id\":\"https:\/\/escrime-paysdaix.fr\/epaaix\/grand-prix-turin-joffrey-mader\/#primaryimage\"},\"thumbnailUrl\":\"https:\/\/escrime-paysdaix.fr\/epaaix\/wp-content\/uploads\/2024\/02\/Turin2024.png\",\"articleSection\":[\"Actu\",\"Vie Du Club\"],\"inLanguage\":\"fr-FR\"},{\"@type\":\"WebPage\",\"@id\":\"https:\/\/escrime-paysdaix.fr\/epaaix\/grand-prix-turin-joffrey-mader\/\",\"url\":\"https:\/\/escrime-paysdaix.fr\/epaaix\/grand-prix-turin-joffrey-mader\/\",\"name\":\"GRAND PRIX TURIN : Joffrey MADER - Epa - Escrime Pays d Aix\",\"isPartOf\":{\"@id\":\"https:\/\/escrime-paysdaix.fr\/epaaix\/#website\"},\"primaryImageOfPage\":{\"@id\":\"https:\/\/escrime-paysdaix.fr\/epaaix\/grand-prix-turin-joffrey-mader\/#primaryimage\"},\"image\":{\"@id\":\"https:\/\/escrime-paysdaix.fr\/epaaix\/grand-prix-turin-joffrey-mader\/#primaryimage\"},\"thumbnailUrl\":\"https:\/\/escrime-paysdaix.fr\/epaaix\/wp-content\/uploads\/2024\/02\/Turin2024.png\",\"datePublished\":\"2024-02-28T09:16:09+00:00\",\"dateModified\":\"2024-02-28T09:16:44+00:00\",\"breadcrumb\":{\"@id\":\"https:\/\/escrime-paysdaix.fr\/epaaix\/grand-prix-turin-joffrey-mader\/#breadcrumb\"},\"inLanguage\":\"fr-FR\",\"potentialAction\":[{\"@type\":\"ReadAction\",\"target\":[\"https:\/\/escrime-paysdaix.fr\/epaaix\/grand-prix-turin-joffrey-mader\/\"]}]},{\"@type\":\"ImageObject\",\"inLanguage\":\"fr-FR\",\"@id\":\"https:\/\/escrime-paysdaix.fr\/epaaix\/grand-prix-turin-joffrey-mader\/#primaryimage\",\"url\":\"https:\/\/escrime-paysdaix.fr\/epaaix\/wp-content\/uploads\/2024\/02\/Turin2024.png\",\"contentUrl\":\"https:\/\/escrime-paysdaix.fr\/epaaix\/wp-content\/uploads\/2024\/02\/Turin2024.png\",\"width\":1082,\"height\":560},{\"@type\":\"BreadcrumbList\",\"@id\":\"https:\/\/escrime-paysdaix.fr\/epaaix\/grand-prix-turin-joffrey-mader\/#breadcrumb\",\"itemListElement\":[{\"@type\":\"ListItem\",\"position\":1,\"name\":\"Accueil\",\"item\":\"https:\/\/escrime-paysdaix.fr\/epaaix\/\"},{\"@type\":\"ListItem\",\"position\":2,\"name\":\"GRAND PRIX TURIN : Joffrey MADER\"}]},{\"@type\":\"WebSite\",\"@id\":\"https:\/\/escrime-paysdaix.fr\/epaaix\/#website\",\"url\":\"https:\/\/escrime-paysdaix.fr\/epaaix\/\",\"name\":\"Epa - Escrime Pays d Aix\",\"description\":\"Club d escrime \u00e0 Aix en Provence. Formation Loisir Comp\u00e9tition\",\"publisher\":{\"@id\":\"https:\/\/escrime-paysdaix.fr\/epaaix\/#organization\"},\"potentialAction\":[{\"@type\":\"SearchAction\",\"target\":{\"@type\":\"EntryPoint\",\"urlTemplate\":\"https:\/\/escrime-paysdaix.fr\/epaaix\/?s={search_term_string}\"},\"query-input\":{\"@type\":\"PropertyValueSpecification\",\"valueRequired\":true,\"valueName\":\"search_term_string\"}}],\"inLanguage\":\"fr-FR\"},{\"@type\":\"Organization\",\"@id\":\"https:\/\/escrime-paysdaix.fr\/epaaix\/#organization\",\"name\":\"Epa - Escrime Pays d Aix\",\"url\":\"https:\/\/escrime-paysdaix.fr\/epaaix\/\",\"logo\":{\"@type\":\"ImageObject\",\"inLanguage\":\"fr-FR\",\"@id\":\"https:\/\/escrime-paysdaix.fr\/epaaix\/#\/schema\/logo\/image\/\",\"url\":\"https:\/\/escrime-paysdaix.fr\/epaaix\/wp-content\/uploads\/2021\/03\/epa_logo.png\",\"contentUrl\":\"https:\/\/escrime-paysdaix.fr\/epaaix\/wp-content\/uploads\/2021\/03\/epa_logo.png\",\"width\":474,\"height\":596,\"caption\":\"Epa - Escrime Pays d Aix\"},\"image\":{\"@id\":\"https:\/\/escrime-paysdaix.fr\/epaaix\/#\/schema\/logo\/image\/\"},\"sameAs\":[\"https:\/\/www.facebook.com\/EscrimePaysDAix\",\"https:\/\/x.com\/Epa_Escrime\",\"https:\/\/www.instagram.com\/escrime_aix\",\"https:\/\/www.youtube.com\/channel\/UC0oH02jUultLPvDckstp_UQ\"]},{\"@type\":\"Person\",\"@id\":\"https:\/\/escrime-paysdaix.fr\/epaaix\/#\/schema\/person\/a07401bcfa68df0c8e9d169e163f83fc\",\"name\":\"Jean-Matthieu Charpentier\",\"url\":\"https:\/\/escrime-paysdaix.fr\/epaaix\/author\/jean-matthieucremieux-charpentier-fr\/\"}]}<\/script>\n<!-- \/ Yoast SEO plugin. -->","yoast_head_json":{"title":"GRAND PRIX TURIN : Joffrey MADER - Epa - Escrime Pays d Aix","robots":{"index":"index","follow":"follow","max-snippet":"max-snippet:-1","max-image-preview":"max-image-preview:large","max-video-preview":"max-video-preview:-1"},"canonical":"https:\/\/escrime-paysdaix.fr\/epaaix\/grand-prix-turin-joffrey-mader\/","og_locale":"fr_FR","og_type":"article","og_title":"GRAND PRIX TURIN : Joffrey MADER - Epa - Escrime Pays d Aix","og_description":"Le 10 avait lieu le Grand Prix de Turin ou Joffrey Mader faisait partie de la d\u00e9l\u00e9gation fran\u00e7aise, il r\u00e9alise une tres belle performance, avec 4V et 2D en poule, il perd en T64 pour finir 5\u00e8me fran\u00e7ais \u00e0 la 51\u00e8me place.","og_url":"https:\/\/escrime-paysdaix.fr\/epaaix\/grand-prix-turin-joffrey-mader\/","og_site_name":"Epa - Escrime Pays d Aix","article_publisher":"https:\/\/www.facebook.com\/EscrimePaysDAix","article_published_time":"2024-02-28T09:16:09+00:00","article_modified_time":"2024-02-28T09:16:44+00:00","og_image":[{"width":1082,"height":560,"url":"https:\/\/i0.wp.com\/escrime-paysdaix.fr\/epaaix\/wp-content\/uploads\/2024\/02\/Turin2024.png?fit=1082%2C560&ssl=1","type":"image\/png"}],"author":"Jean-Matthieu Charpentier","twitter_card":"summary_large_image","twitter_creator":"@Epa_Escrime","twitter_site":"@Epa_Escrime","twitter_misc":{"\u00c9crit par":"Jean-Matthieu Charpentier"},"schema":{"@context":"https:\/\/schema.org","@graph":[{"@type":"Article","@id":"https:\/\/escrime-paysdaix.fr\/epaaix\/grand-prix-turin-joffrey-mader\/#article","isPartOf":{"@id":"https:\/\/escrime-paysdaix.fr\/epaaix\/grand-prix-turin-joffrey-mader\/"},"author":{"name":"Jean-Matthieu Charpentier","@id":"https:\/\/escrime-paysdaix.fr\/epaaix\/#\/schema\/person\/a07401bcfa68df0c8e9d169e163f83fc"},"headline":"GRAND PRIX TURIN : Joffrey MADER","datePublished":"2024-02-28T09:16:09+00:00","dateModified":"2024-02-28T09:16:44+00:00","mainEntityOfPage":{"@id":"https:\/\/escrime-paysdaix.fr\/epaaix\/grand-prix-turin-joffrey-mader\/"},"wordCount":50,"publisher":{"@id":"https:\/\/escrime-paysdaix.fr\/epaaix\/#organization"},"image":{"@id":"https:\/\/escrime-paysdaix.fr\/epaaix\/grand-prix-turin-joffrey-mader\/#primaryimage"},"thumbnailUrl":"https:\/\/escrime-paysdaix.fr\/epaaix\/wp-content\/uploads\/2024\/02\/Turin2024.png","articleSection":["Actu","Vie Du Club"],"inLanguage":"fr-FR"},{"@type":"WebPage","@id":"https:\/\/escrime-paysdaix.fr\/epaaix\/grand-prix-turin-joffrey-mader\/","url":"https:\/\/escrime-paysdaix.fr\/epaaix\/grand-prix-turin-joffrey-mader\/","name":"GRAND PRIX TURIN : Joffrey MADER - Epa - Escrime Pays d Aix","isPartOf":{"@id":"https:\/\/escrime-paysdaix.fr\/epaaix\/#website"},"primaryImageOfPage":{"@id":"https:\/\/escrime-paysdaix.fr\/epaaix\/grand-prix-turin-joffrey-mader\/#primaryimage"},"image":{"@id":"https:\/\/escrime-paysdaix.fr\/epaaix\/grand-prix-turin-joffrey-mader\/#primaryimage"},"thumbnailUrl":"https:\/\/escrime-paysdaix.fr\/epaaix\/wp-content\/uploads\/2024\/02\/Turin2024.png","datePublished":"2024-02-28T09:16:09+00:00","dateModified":"2024-02-28T09:16:44+00:00","breadcrumb":{"@id":"https:\/\/escrime-paysdaix.fr\/epaaix\/grand-prix-turin-joffrey-mader\/#breadcrumb"},"inLanguage":"fr-FR","potentialAction":[{"@type":"ReadAction","target":["https:\/\/escrime-paysdaix.fr\/epaaix\/grand-prix-turin-joffrey-mader\/"]}]},{"@type":"ImageObject","inLanguage":"fr-FR","@id":"https:\/\/escrime-paysdaix.fr\/epaaix\/grand-prix-turin-joffrey-mader\/#primaryimage","url":"https:\/\/escrime-paysdaix.fr\/epaaix\/wp-content\/uploads\/2024\/02\/Turin2024.png","contentUrl":"https:\/\/escrime-paysdaix.fr\/epaaix\/wp-content\/uploads\/2024\/02\/Turin2024.png","width":1082,"height":560},{"@type":"BreadcrumbList","@id":"https:\/\/escrime-paysdaix.fr\/epaaix\/grand-prix-turin-joffrey-mader\/#breadcrumb","itemListElement":[{"@type":"ListItem","position":1,"name":"Accueil","item":"https:\/\/escrime-paysdaix.fr\/epaaix\/"},{"@type":"ListItem","position":2,"name":"GRAND PRIX TURIN : Joffrey MADER"}]},{"@type":"WebSite","@id":"https:\/\/escrime-paysdaix.fr\/epaaix\/#website","url":"https:\/\/escrime-paysdaix.fr\/epaaix\/","name":"Epa - Escrime Pays d Aix","description":"Club d escrime \u00e0 Aix en Provence. Formation Loisir Comp\u00e9tition","publisher":{"@id":"https:\/\/escrime-paysdaix.fr\/epaaix\/#organization"},"potentialAction":[{"@type":"SearchAction","target":{"@type":"EntryPoint","urlTemplate":"https:\/\/escrime-paysdaix.fr\/epaaix\/?s={search_term_string}"},"query-input":{"@type":"PropertyValueSpecification","valueRequired":true,"valueName":"search_term_string"}}],"inLanguage":"fr-FR"},{"@type":"Organization","@id":"https:\/\/escrime-paysdaix.fr\/epaaix\/#organization","name":"Epa - Escrime Pays d Aix","url":"https:\/\/escrime-paysdaix.fr\/epaaix\/","logo":{"@type":"ImageObject","inLanguage":"fr-FR","@id":"https:\/\/escrime-paysdaix.fr\/epaaix\/#\/schema\/logo\/image\/","url":"https:\/\/escrime-paysdaix.fr\/epaaix\/wp-content\/uploads\/2021\/03\/epa_logo.png","contentUrl":"https:\/\/escrime-paysdaix.fr\/epaaix\/wp-content\/uploads\/2021\/03\/epa_logo.png","width":474,"height":596,"caption":"Epa - Escrime Pays d Aix"},"image":{"@id":"https:\/\/escrime-paysdaix.fr\/epaaix\/#\/schema\/logo\/image\/"},"sameAs":["https:\/\/www.facebook.com\/EscrimePaysDAix","https:\/\/x.com\/Epa_Escrime","https:\/\/www.instagram.com\/escrime_aix","https:\/\/www.youtube.com\/channel\/UC0oH02jUultLPvDckstp_UQ"]},{"@type":"Person","@id":"https:\/\/escrime-paysdaix.fr\/epaaix\/#\/schema\/person\/a07401bcfa68df0c8e9d169e163f83fc","name":"Jean-Matthieu Charpentier","url":"https:\/\/escrime-paysdaix.fr\/epaaix\/author\/jean-matthieucremieux-charpentier-fr\/"}]}},"jetpack_featured_media_url":"https:\/\/escrime-paysdaix.fr\/epaaix\/wp-content\/uploads\/2024\/02\/Turin2024.png","jetpack_sharing_enabled":true,"_links":{"self":[{"href":"https:\/\/escrime-paysdaix.fr\/epaaix\/wp-json\/wp\/v2\/posts\/8539","targetHints":{"allow":["GET"]}}],"collection":[{"href":"https:\/\/escrime-paysdaix.fr\/epaaix\/wp-json\/wp\/v2\/posts"}],"about":[{"href":"https:\/\/escrime-paysdaix.fr\/epaaix\/wp-json\/wp\/v2\/types\/post"}],"author":[{"embeddable":true,"href":"https:\/\/escrime-paysdaix.fr\/epaaix\/wp-json\/wp\/v2\/users\/3"}],"replies":[{"embeddable":true,"href":"https:\/\/escrime-paysdaix.fr\/epaaix\/wp-json\/wp\/v2\/comments?post=8539"}],"version-history":[{"count":0,"href":"https:\/\/escrime-paysdaix.fr\/epaaix\/wp-json\/wp\/v2\/posts\/8539\/revisions"}],"wp:featuredmedia":[{"embeddable":true,"href":"https:\/\/escrime-paysdaix.fr\/epaaix\/wp-json\/wp\/v2\/media\/8540"}],"wp:attachment":[{"href":"https:\/\/escrime-paysdaix.fr\/epaaix\/wp-json\/wp\/v2\/media?parent=8539"}],"wp:term":[{"taxonomy":"category","embeddable":true,"href":"https:\/\/escrime-paysdaix.fr\/epaaix\/wp-json\/wp\/v2\/categories?post=8539"},{"taxonomy":"post_tag","embeddable":true,"href":"https:\/\/escrime-paysdaix.fr\/epaaix\/wp-json\/wp\/v2\/tags?post=8539"},{"taxonomy":"agecategorytags","embeddable":true,"href":"https:\/\/escrime-paysdaix.fr\/epaaix\/wp-json\/wp\/v2\/agecategorytags?post=8539"},{"taxonomy":"weaponcategorytags","embeddable":true,"href":"https:\/\/escrime-paysdaix.fr\/epaaix\/wp-json\/wp\/v2\/weaponcategorytags?post=8539"},{"taxonomy":"seasoncategorytags","embeddable":true,"href":"https:\/\/escrime-paysdaix.fr\/epaaix\/wp-json\/wp\/v2\/seasoncategorytags?post=8539"}],"curies":[{"name":"wp","href":"https:\/\/api.w.org\/{rel}","templated":true}]}}