{"id":8474,"date":"2023-12-13T12:10:26","date_gmt":"2023-12-13T12:10:26","guid":{"rendered":"https:\/\/escrime-paysdaix.fr\/epaaix\/?p=8474"},"modified":"2023-12-13T12:13:26","modified_gmt":"2023-12-13T12:13:26","slug":"coupe-du-monde-m17-et-section-epee","status":"publish","type":"post","link":"https:\/\/escrime-paysdaix.fr\/epaaix\/coupe-du-monde-m17-et-section-epee\/","title":{"rendered":"Coupe du monde M17 et Section Epee"},"content":{"rendered":"\n<p class=\"has-medium-font-size\">Ce week-end le club \u00e9tait repr\u00e9senter dans 2 \u00e9preuves sur 2 armes diff\u00e9rents. Le fleuret lors de l&#8217;\u00e9preuve de coupe du monde \u00e0 Cabries ou nous avions 3 repr\u00e9sentants le samedi en individuel et 2 par \u00e9quipe le dimanche.<br>Notre section Epee \u00e9tait pr\u00e9sente lors d&#8217;une \u00e9preuve regional \u00e0 Six Fours les Plages.<br><br>Voici les r\u00e9sultats :<br><br>M17 ( Epreuve Individuel )<br>Thibaut GAVEN MARY 43\u00e8me<br>Smain DEKOUCHE 104\u00e8me<br>Jules GUEDJ 200\u00e8me<br><br>M17 ( Epreuve par Equipe )<br>Thibaut GAVEN MARY ( France 1 ) 5\u00e8me<br>Smain DEKOUCHE ( France 4 ) 15\u00e8me<\/p>\n\n\n\n<figure class=\"wp-block-image size-large\"><img loading=\"lazy\" decoding=\"async\" width=\"576\" height=\"1024\" src=\"https:\/\/escrime-paysdaix.fr\/epaaix\/wp-content\/uploads\/2023\/12\/image-6-576x1024.png\" alt=\"\" class=\"wp-image-8479\" srcset=\"https:\/\/escrime-paysdaix.fr\/epaaix\/wp-content\/uploads\/2023\/12\/image-6-576x1024.png 576w, https:\/\/escrime-paysdaix.fr\/epaaix\/wp-content\/uploads\/2023\/12\/image-6-169x300.png 169w, https:\/\/escrime-paysdaix.fr\/epaaix\/wp-content\/uploads\/2023\/12\/image-6-768x1365.png 768w, https:\/\/escrime-paysdaix.fr\/epaaix\/wp-content\/uploads\/2023\/12\/image-6-864x1536.png 864w, https:\/\/escrime-paysdaix.fr\/epaaix\/wp-content\/uploads\/2023\/12\/image-6.png 1080w, https:\/\/escrime-paysdaix.fr\/epaaix\/wp-content\/uploads\/2023\/12\/image-6-338x600.png 338w, https:\/\/escrime-paysdaix.fr\/epaaix\/wp-content\/uploads\/2023\/12\/image-6-90x160.png 90w\" sizes=\"auto, (max-width: 576px) 100vw, 576px\" \/><\/figure>\n\n\n\n<figure class=\"wp-block-image size-large\"><img loading=\"lazy\" decoding=\"async\" width=\"768\" height=\"1024\" src=\"https:\/\/escrime-paysdaix.fr\/epaaix\/wp-content\/uploads\/2023\/12\/image-5-768x1024.png\" alt=\"\" class=\"wp-image-8478\" srcset=\"https:\/\/escrime-paysdaix.fr\/epaaix\/wp-content\/uploads\/2023\/12\/image-5-768x1024.png 768w, https:\/\/escrime-paysdaix.fr\/epaaix\/wp-content\/uploads\/2023\/12\/image-5-225x300.png 225w, https:\/\/escrime-paysdaix.fr\/epaaix\/wp-content\/uploads\/2023\/12\/image-5-1152x1536.png 1152w, https:\/\/escrime-paysdaix.fr\/epaaix\/wp-content\/uploads\/2023\/12\/image-5.png 1536w, https:\/\/escrime-paysdaix.fr\/epaaix\/wp-content\/uploads\/2023\/12\/image-5-450x600.png 450w, https:\/\/escrime-paysdaix.fr\/epaaix\/wp-content\/uploads\/2023\/12\/image-5-120x160.png 120w\" sizes=\"auto, (max-width: 768px) 100vw, 768px\" \/><\/figure>\n\n\n\n<figure class=\"wp-block-image size-large\"><img loading=\"lazy\" decoding=\"async\" width=\"768\" height=\"1024\" src=\"https:\/\/escrime-paysdaix.fr\/epaaix\/wp-content\/uploads\/2023\/12\/image-4.png\" alt=\"\" class=\"wp-image-8477\" srcset=\"https:\/\/escrime-paysdaix.fr\/epaaix\/wp-content\/uploads\/2023\/12\/image-4.png 768w, https:\/\/escrime-paysdaix.fr\/epaaix\/wp-content\/uploads\/2023\/12\/image-4-225x300.png 225w, https:\/\/escrime-paysdaix.fr\/epaaix\/wp-content\/uploads\/2023\/12\/image-4-450x600.png 450w, https:\/\/escrime-paysdaix.fr\/epaaix\/wp-content\/uploads\/2023\/12\/image-4-120x160.png 120w\" sizes=\"auto, (max-width: 768px) 100vw, 768px\" \/><\/figure>\n\n\n\n<p class=\"has-medium-font-size\"><br><br>Section Epee :<br><br>Arbitre : Marc Daniel<\/p>\n\n\n\n<p class=\"has-medium-font-size\"><br>Classement ( Confirm\u00e9 )<br>Julien CHARPENTIER 3\u00e8me<img loading=\"lazy\" decoding=\"async\" width=\"30\" height=\"30\" class=\"wp-image-7603\" style=\"width: 30px;\" src=\"https:\/\/escrime-paysdaix.fr\/epaaix\/wp-content\/uploads\/2022\/10\/medaille-de-bronze.png\" alt=\"\" srcset=\"https:\/\/escrime-paysdaix.fr\/epaaix\/wp-content\/uploads\/2022\/10\/medaille-de-bronze.png 512w, https:\/\/escrime-paysdaix.fr\/epaaix\/wp-content\/uploads\/2022\/10\/medaille-de-bronze-150x150.png 150w, https:\/\/escrime-paysdaix.fr\/epaaix\/wp-content\/uploads\/2022\/10\/medaille-de-bronze-300x300.png 300w, https:\/\/escrime-paysdaix.fr\/epaaix\/wp-content\/uploads\/2022\/10\/medaille-de-bronze-160x160.png 160w\" sizes=\"auto, (max-width: 30px) 100vw, 30px\" \/><\/p>\n\n\n\n<figure class=\"wp-block-image size-large\"><img loading=\"lazy\" decoding=\"async\" width=\"1023\" height=\"762\" src=\"https:\/\/escrime-paysdaix.fr\/epaaix\/wp-content\/uploads\/2023\/12\/image-2.png\" alt=\"\" class=\"wp-image-8475\" srcset=\"https:\/\/escrime-paysdaix.fr\/epaaix\/wp-content\/uploads\/2023\/12\/image-2.png 1023w, https:\/\/escrime-paysdaix.fr\/epaaix\/wp-content\/uploads\/2023\/12\/image-2-300x223.png 300w, https:\/\/escrime-paysdaix.fr\/epaaix\/wp-content\/uploads\/2023\/12\/image-2-768x572.png 768w, https:\/\/escrime-paysdaix.fr\/epaaix\/wp-content\/uploads\/2023\/12\/image-2-600x447.png 600w, https:\/\/escrime-paysdaix.fr\/epaaix\/wp-content\/uploads\/2023\/12\/image-2-215x160.png 215w\" sizes=\"auto, (max-width: 1023px) 100vw, 1023px\" \/><\/figure>\n\n\n\n<p class=\"has-medium-font-size\"><br>Classement ( Interm\u00e9diaire )<br>Pierre MAILLARD 1er<img loading=\"lazy\" decoding=\"async\" width=\"30\" height=\"30\" class=\"wp-image-7601\" style=\"width: 30px;\" src=\"https:\/\/escrime-paysdaix.fr\/epaaix\/wp-content\/uploads\/2022\/10\/medaille-dor.png\" alt=\"\" srcset=\"https:\/\/escrime-paysdaix.fr\/epaaix\/wp-content\/uploads\/2022\/10\/medaille-dor.png 512w, https:\/\/escrime-paysdaix.fr\/epaaix\/wp-content\/uploads\/2022\/10\/medaille-dor-150x150.png 150w, https:\/\/escrime-paysdaix.fr\/epaaix\/wp-content\/uploads\/2022\/10\/medaille-dor-300x300.png 300w, https:\/\/escrime-paysdaix.fr\/epaaix\/wp-content\/uploads\/2022\/10\/medaille-dor-160x160.png 160w\" sizes=\"auto, (max-width: 30px) 100vw, 30px\" \/><br>Guillaume LA NIECE<br>Guillaume-Olivier BOULANGER<br>Jean Matthieu CHARPENTIER <br>Stephane CLOUET<br>Cyril TEBOUL<\/p>\n\n\n\n<figure class=\"wp-block-image size-large\"><img loading=\"lazy\" decoding=\"async\" width=\"1024\" height=\"714\" src=\"https:\/\/escrime-paysdaix.fr\/epaaix\/wp-content\/uploads\/2023\/12\/image-3.png\" alt=\"\" class=\"wp-image-8476\" srcset=\"https:\/\/escrime-paysdaix.fr\/epaaix\/wp-content\/uploads\/2023\/12\/image-3.png 1024w, https:\/\/escrime-paysdaix.fr\/epaaix\/wp-content\/uploads\/2023\/12\/image-3-300x209.png 300w, https:\/\/escrime-paysdaix.fr\/epaaix\/wp-content\/uploads\/2023\/12\/image-3-768x536.png 768w, https:\/\/escrime-paysdaix.fr\/epaaix\/wp-content\/uploads\/2023\/12\/image-3-600x418.png 600w, https:\/\/escrime-paysdaix.fr\/epaaix\/wp-content\/uploads\/2023\/12\/image-3-229x160.png 229w\" sizes=\"auto, (max-width: 1024px) 100vw, 1024px\" \/><\/figure>\n\n\n\n<figure class=\"wp-block-image size-large\"><img loading=\"lazy\" decoding=\"async\" width=\"1024\" height=\"768\" src=\"https:\/\/escrime-paysdaix.fr\/epaaix\/wp-content\/uploads\/2023\/12\/image-7.png\" alt=\"\" class=\"wp-image-8480\" srcset=\"https:\/\/escrime-paysdaix.fr\/epaaix\/wp-content\/uploads\/2023\/12\/image-7.png 1024w, https:\/\/escrime-paysdaix.fr\/epaaix\/wp-content\/uploads\/2023\/12\/image-7-300x225.png 300w, https:\/\/escrime-paysdaix.fr\/epaaix\/wp-content\/uploads\/2023\/12\/image-7-768x576.png 768w, https:\/\/escrime-paysdaix.fr\/epaaix\/wp-content\/uploads\/2023\/12\/image-7-600x450.png 600w, https:\/\/escrime-paysdaix.fr\/epaaix\/wp-content\/uploads\/2023\/12\/image-7-213x160.png 213w\" sizes=\"auto, (max-width: 1024px) 100vw, 1024px\" \/><\/figure>\n\n\n\n<p class=\"has-medium-font-size\"><br><\/p>\n","protected":false},"excerpt":{"rendered":"<p>Ce week-end le club \u00e9tait repr\u00e9senter dans 2 \u00e9preuves sur 2 armes diff\u00e9rents. Le fleuret lors de l&#8217;\u00e9preuve de coupe du monde \u00e0 Cabries ou nous avions 3 repr\u00e9sentants le samedi en individuel et 2 par \u00e9quipe le dimanche.Notre section Epee \u00e9tait pr\u00e9sente lors d&#8217;une \u00e9preuve regional \u00e0 Six Fours les Plages. Voici les r\u00e9sultats [&hellip;]<\/p>\n","protected":false},"author":3,"featured_media":7189,"comment_status":"closed","ping_status":"closed","sticky":false,"template":"","format":"standard","meta":{"_eb_attr":"","_jetpack_memberships_contains_paid_content":false,"footnotes":""},"categories":[32,2],"tags":[],"agecategorytags":[],"weaponcategorytags":[46,45],"seasoncategorytags":[86],"class_list":["post-8474","post","type-post","status-publish","format-standard","has-post-thumbnail","hentry","category-news","category-vieduclub","weaponcategorytags-epee","weaponcategorytags-fleuret","seasoncategorytags-2023-2024"],"yoast_head":"<!-- This site is optimized with the Yoast SEO plugin v23.4 - https:\/\/yoast.com\/wordpress\/plugins\/seo\/ -->\n<title>Coupe du monde M17 et Section Epee - Epa - Escrime Pays d Aix<\/title>\n<meta name=\"robots\" content=\"index, follow, max-snippet:-1, max-image-preview:large, max-video-preview:-1\" \/>\n<link rel=\"canonical\" href=\"https:\/\/escrime-paysdaix.fr\/epaaix\/coupe-du-monde-m17-et-section-epee\/\" \/>\n<meta property=\"og:locale\" content=\"fr_FR\" \/>\n<meta property=\"og:type\" content=\"article\" \/>\n<meta property=\"og:title\" content=\"Coupe du monde M17 et Section Epee - Epa - Escrime Pays d Aix\" \/>\n<meta property=\"og:description\" content=\"Ce week-end le club \u00e9tait repr\u00e9senter dans 2 \u00e9preuves sur 2 armes diff\u00e9rents. Le fleuret lors de l&#8217;\u00e9preuve de coupe du monde \u00e0 Cabries ou nous avions 3 repr\u00e9sentants le samedi en individuel et 2 par \u00e9quipe le dimanche.Notre section Epee \u00e9tait pr\u00e9sente lors d&#8217;une \u00e9preuve regional \u00e0 Six Fours les Plages. Voici les r\u00e9sultats [&hellip;]\" \/>\n<meta property=\"og:url\" content=\"https:\/\/escrime-paysdaix.fr\/epaaix\/coupe-du-monde-m17-et-section-epee\/\" \/>\n<meta property=\"og:site_name\" content=\"Epa - Escrime Pays d Aix\" \/>\n<meta property=\"article:publisher\" content=\"https:\/\/www.facebook.com\/EscrimePaysDAix\" \/>\n<meta property=\"article:published_time\" content=\"2023-12-13T12:10:26+00:00\" \/>\n<meta property=\"article:modified_time\" content=\"2023-12-13T12:13:26+00:00\" \/>\n<meta property=\"og:image\" content=\"https:\/\/i0.wp.com\/escrime-paysdaix.fr\/epaaix\/wp-content\/uploads\/2022\/05\/Podium_Mini.png?fit=500%2C313&ssl=1\" \/>\n\t<meta property=\"og:image:width\" content=\"500\" \/>\n\t<meta property=\"og:image:height\" content=\"313\" \/>\n\t<meta property=\"og:image:type\" content=\"image\/png\" \/>\n<meta name=\"author\" content=\"Jean-Matthieu Charpentier\" \/>\n<meta name=\"twitter:card\" content=\"summary_large_image\" \/>\n<meta name=\"twitter:creator\" content=\"@Epa_Escrime\" \/>\n<meta name=\"twitter:site\" content=\"@Epa_Escrime\" \/>\n<meta name=\"twitter:label1\" content=\"\u00c9crit par\" \/>\n\t<meta name=\"twitter:data1\" content=\"Jean-Matthieu Charpentier\" \/>\n\t<meta name=\"twitter:label2\" content=\"Dur\u00e9e de lecture estim\u00e9e\" \/>\n\t<meta name=\"twitter:data2\" content=\"1 minute\" \/>\n<script type=\"application\/ld+json\" class=\"yoast-schema-graph\">{\"@context\":\"https:\/\/schema.org\",\"@graph\":[{\"@type\":\"Article\",\"@id\":\"https:\/\/escrime-paysdaix.fr\/epaaix\/coupe-du-monde-m17-et-section-epee\/#article\",\"isPartOf\":{\"@id\":\"https:\/\/escrime-paysdaix.fr\/epaaix\/coupe-du-monde-m17-et-section-epee\/\"},\"author\":{\"name\":\"Jean-Matthieu Charpentier\",\"@id\":\"https:\/\/escrime-paysdaix.fr\/epaaix\/#\/schema\/person\/a07401bcfa68df0c8e9d169e163f83fc\"},\"headline\":\"Coupe du monde M17 et Section Epee\",\"datePublished\":\"2023-12-13T12:10:26+00:00\",\"dateModified\":\"2023-12-13T12:13:26+00:00\",\"mainEntityOfPage\":{\"@id\":\"https:\/\/escrime-paysdaix.fr\/epaaix\/coupe-du-monde-m17-et-section-epee\/\"},\"wordCount\":111,\"publisher\":{\"@id\":\"https:\/\/escrime-paysdaix.fr\/epaaix\/#organization\"},\"image\":{\"@id\":\"https:\/\/escrime-paysdaix.fr\/epaaix\/coupe-du-monde-m17-et-section-epee\/#primaryimage\"},\"thumbnailUrl\":\"https:\/\/escrime-paysdaix.fr\/epaaix\/wp-content\/uploads\/2022\/05\/Podium_Mini.png\",\"articleSection\":[\"Actu\",\"Vie Du Club\"],\"inLanguage\":\"fr-FR\"},{\"@type\":\"WebPage\",\"@id\":\"https:\/\/escrime-paysdaix.fr\/epaaix\/coupe-du-monde-m17-et-section-epee\/\",\"url\":\"https:\/\/escrime-paysdaix.fr\/epaaix\/coupe-du-monde-m17-et-section-epee\/\",\"name\":\"Coupe du monde M17 et Section Epee - Epa - Escrime Pays d Aix\",\"isPartOf\":{\"@id\":\"https:\/\/escrime-paysdaix.fr\/epaaix\/#website\"},\"primaryImageOfPage\":{\"@id\":\"https:\/\/escrime-paysdaix.fr\/epaaix\/coupe-du-monde-m17-et-section-epee\/#primaryimage\"},\"image\":{\"@id\":\"https:\/\/escrime-paysdaix.fr\/epaaix\/coupe-du-monde-m17-et-section-epee\/#primaryimage\"},\"thumbnailUrl\":\"https:\/\/escrime-paysdaix.fr\/epaaix\/wp-content\/uploads\/2022\/05\/Podium_Mini.png\",\"datePublished\":\"2023-12-13T12:10:26+00:00\",\"dateModified\":\"2023-12-13T12:13:26+00:00\",\"breadcrumb\":{\"@id\":\"https:\/\/escrime-paysdaix.fr\/epaaix\/coupe-du-monde-m17-et-section-epee\/#breadcrumb\"},\"inLanguage\":\"fr-FR\",\"potentialAction\":[{\"@type\":\"ReadAction\",\"target\":[\"https:\/\/escrime-paysdaix.fr\/epaaix\/coupe-du-monde-m17-et-section-epee\/\"]}]},{\"@type\":\"ImageObject\",\"inLanguage\":\"fr-FR\",\"@id\":\"https:\/\/escrime-paysdaix.fr\/epaaix\/coupe-du-monde-m17-et-section-epee\/#primaryimage\",\"url\":\"https:\/\/escrime-paysdaix.fr\/epaaix\/wp-content\/uploads\/2022\/05\/Podium_Mini.png\",\"contentUrl\":\"https:\/\/escrime-paysdaix.fr\/epaaix\/wp-content\/uploads\/2022\/05\/Podium_Mini.png\",\"width\":500,\"height\":313,\"caption\":\"escrime club aix en provence\"},{\"@type\":\"BreadcrumbList\",\"@id\":\"https:\/\/escrime-paysdaix.fr\/epaaix\/coupe-du-monde-m17-et-section-epee\/#breadcrumb\",\"itemListElement\":[{\"@type\":\"ListItem\",\"position\":1,\"name\":\"Accueil\",\"item\":\"https:\/\/escrime-paysdaix.fr\/epaaix\/\"},{\"@type\":\"ListItem\",\"position\":2,\"name\":\"Coupe du monde M17 et Section Epee\"}]},{\"@type\":\"WebSite\",\"@id\":\"https:\/\/escrime-paysdaix.fr\/epaaix\/#website\",\"url\":\"https:\/\/escrime-paysdaix.fr\/epaaix\/\",\"name\":\"Epa - Escrime Pays d Aix\",\"description\":\"Club d escrime \u00e0 Aix en Provence. Formation Loisir Comp\u00e9tition\",\"publisher\":{\"@id\":\"https:\/\/escrime-paysdaix.fr\/epaaix\/#organization\"},\"potentialAction\":[{\"@type\":\"SearchAction\",\"target\":{\"@type\":\"EntryPoint\",\"urlTemplate\":\"https:\/\/escrime-paysdaix.fr\/epaaix\/?s={search_term_string}\"},\"query-input\":{\"@type\":\"PropertyValueSpecification\",\"valueRequired\":true,\"valueName\":\"search_term_string\"}}],\"inLanguage\":\"fr-FR\"},{\"@type\":\"Organization\",\"@id\":\"https:\/\/escrime-paysdaix.fr\/epaaix\/#organization\",\"name\":\"Epa - Escrime Pays d Aix\",\"url\":\"https:\/\/escrime-paysdaix.fr\/epaaix\/\",\"logo\":{\"@type\":\"ImageObject\",\"inLanguage\":\"fr-FR\",\"@id\":\"https:\/\/escrime-paysdaix.fr\/epaaix\/#\/schema\/logo\/image\/\",\"url\":\"https:\/\/escrime-paysdaix.fr\/epaaix\/wp-content\/uploads\/2021\/03\/epa_logo.png\",\"contentUrl\":\"https:\/\/escrime-paysdaix.fr\/epaaix\/wp-content\/uploads\/2021\/03\/epa_logo.png\",\"width\":474,\"height\":596,\"caption\":\"Epa - Escrime Pays d Aix\"},\"image\":{\"@id\":\"https:\/\/escrime-paysdaix.fr\/epaaix\/#\/schema\/logo\/image\/\"},\"sameAs\":[\"https:\/\/www.facebook.com\/EscrimePaysDAix\",\"https:\/\/x.com\/Epa_Escrime\",\"https:\/\/www.instagram.com\/escrime_aix\",\"https:\/\/www.youtube.com\/channel\/UC0oH02jUultLPvDckstp_UQ\"]},{\"@type\":\"Person\",\"@id\":\"https:\/\/escrime-paysdaix.fr\/epaaix\/#\/schema\/person\/a07401bcfa68df0c8e9d169e163f83fc\",\"name\":\"Jean-Matthieu Charpentier\",\"url\":\"https:\/\/escrime-paysdaix.fr\/epaaix\/author\/jean-matthieucremieux-charpentier-fr\/\"}]}<\/script>\n<!-- \/ Yoast SEO plugin. -->","yoast_head_json":{"title":"Coupe du monde M17 et Section Epee - Epa - Escrime Pays d Aix","robots":{"index":"index","follow":"follow","max-snippet":"max-snippet:-1","max-image-preview":"max-image-preview:large","max-video-preview":"max-video-preview:-1"},"canonical":"https:\/\/escrime-paysdaix.fr\/epaaix\/coupe-du-monde-m17-et-section-epee\/","og_locale":"fr_FR","og_type":"article","og_title":"Coupe du monde M17 et Section Epee - Epa - Escrime Pays d Aix","og_description":"Ce week-end le club \u00e9tait repr\u00e9senter dans 2 \u00e9preuves sur 2 armes diff\u00e9rents. Le fleuret lors de l&#8217;\u00e9preuve de coupe du monde \u00e0 Cabries ou nous avions 3 repr\u00e9sentants le samedi en individuel et 2 par \u00e9quipe le dimanche.Notre section Epee \u00e9tait pr\u00e9sente lors d&#8217;une \u00e9preuve regional \u00e0 Six Fours les Plages. Voici les r\u00e9sultats [&hellip;]","og_url":"https:\/\/escrime-paysdaix.fr\/epaaix\/coupe-du-monde-m17-et-section-epee\/","og_site_name":"Epa - Escrime Pays d Aix","article_publisher":"https:\/\/www.facebook.com\/EscrimePaysDAix","article_published_time":"2023-12-13T12:10:26+00:00","article_modified_time":"2023-12-13T12:13:26+00:00","og_image":[{"width":500,"height":313,"url":"https:\/\/i0.wp.com\/escrime-paysdaix.fr\/epaaix\/wp-content\/uploads\/2022\/05\/Podium_Mini.png?fit=500%2C313&ssl=1","type":"image\/png"}],"author":"Jean-Matthieu Charpentier","twitter_card":"summary_large_image","twitter_creator":"@Epa_Escrime","twitter_site":"@Epa_Escrime","twitter_misc":{"\u00c9crit par":"Jean-Matthieu Charpentier","Dur\u00e9e de lecture estim\u00e9e":"1 minute"},"schema":{"@context":"https:\/\/schema.org","@graph":[{"@type":"Article","@id":"https:\/\/escrime-paysdaix.fr\/epaaix\/coupe-du-monde-m17-et-section-epee\/#article","isPartOf":{"@id":"https:\/\/escrime-paysdaix.fr\/epaaix\/coupe-du-monde-m17-et-section-epee\/"},"author":{"name":"Jean-Matthieu Charpentier","@id":"https:\/\/escrime-paysdaix.fr\/epaaix\/#\/schema\/person\/a07401bcfa68df0c8e9d169e163f83fc"},"headline":"Coupe du monde M17 et Section Epee","datePublished":"2023-12-13T12:10:26+00:00","dateModified":"2023-12-13T12:13:26+00:00","mainEntityOfPage":{"@id":"https:\/\/escrime-paysdaix.fr\/epaaix\/coupe-du-monde-m17-et-section-epee\/"},"wordCount":111,"publisher":{"@id":"https:\/\/escrime-paysdaix.fr\/epaaix\/#organization"},"image":{"@id":"https:\/\/escrime-paysdaix.fr\/epaaix\/coupe-du-monde-m17-et-section-epee\/#primaryimage"},"thumbnailUrl":"https:\/\/escrime-paysdaix.fr\/epaaix\/wp-content\/uploads\/2022\/05\/Podium_Mini.png","articleSection":["Actu","Vie Du Club"],"inLanguage":"fr-FR"},{"@type":"WebPage","@id":"https:\/\/escrime-paysdaix.fr\/epaaix\/coupe-du-monde-m17-et-section-epee\/","url":"https:\/\/escrime-paysdaix.fr\/epaaix\/coupe-du-monde-m17-et-section-epee\/","name":"Coupe du monde M17 et Section Epee - Epa - Escrime Pays d Aix","isPartOf":{"@id":"https:\/\/escrime-paysdaix.fr\/epaaix\/#website"},"primaryImageOfPage":{"@id":"https:\/\/escrime-paysdaix.fr\/epaaix\/coupe-du-monde-m17-et-section-epee\/#primaryimage"},"image":{"@id":"https:\/\/escrime-paysdaix.fr\/epaaix\/coupe-du-monde-m17-et-section-epee\/#primaryimage"},"thumbnailUrl":"https:\/\/escrime-paysdaix.fr\/epaaix\/wp-content\/uploads\/2022\/05\/Podium_Mini.png","datePublished":"2023-12-13T12:10:26+00:00","dateModified":"2023-12-13T12:13:26+00:00","breadcrumb":{"@id":"https:\/\/escrime-paysdaix.fr\/epaaix\/coupe-du-monde-m17-et-section-epee\/#breadcrumb"},"inLanguage":"fr-FR","potentialAction":[{"@type":"ReadAction","target":["https:\/\/escrime-paysdaix.fr\/epaaix\/coupe-du-monde-m17-et-section-epee\/"]}]},{"@type":"ImageObject","inLanguage":"fr-FR","@id":"https:\/\/escrime-paysdaix.fr\/epaaix\/coupe-du-monde-m17-et-section-epee\/#primaryimage","url":"https:\/\/escrime-paysdaix.fr\/epaaix\/wp-content\/uploads\/2022\/05\/Podium_Mini.png","contentUrl":"https:\/\/escrime-paysdaix.fr\/epaaix\/wp-content\/uploads\/2022\/05\/Podium_Mini.png","width":500,"height":313,"caption":"escrime club aix en provence"},{"@type":"BreadcrumbList","@id":"https:\/\/escrime-paysdaix.fr\/epaaix\/coupe-du-monde-m17-et-section-epee\/#breadcrumb","itemListElement":[{"@type":"ListItem","position":1,"name":"Accueil","item":"https:\/\/escrime-paysdaix.fr\/epaaix\/"},{"@type":"ListItem","position":2,"name":"Coupe du monde M17 et Section Epee"}]},{"@type":"WebSite","@id":"https:\/\/escrime-paysdaix.fr\/epaaix\/#website","url":"https:\/\/escrime-paysdaix.fr\/epaaix\/","name":"Epa - Escrime Pays d Aix","description":"Club d escrime \u00e0 Aix en Provence. Formation Loisir Comp\u00e9tition","publisher":{"@id":"https:\/\/escrime-paysdaix.fr\/epaaix\/#organization"},"potentialAction":[{"@type":"SearchAction","target":{"@type":"EntryPoint","urlTemplate":"https:\/\/escrime-paysdaix.fr\/epaaix\/?s={search_term_string}"},"query-input":{"@type":"PropertyValueSpecification","valueRequired":true,"valueName":"search_term_string"}}],"inLanguage":"fr-FR"},{"@type":"Organization","@id":"https:\/\/escrime-paysdaix.fr\/epaaix\/#organization","name":"Epa - Escrime Pays d Aix","url":"https:\/\/escrime-paysdaix.fr\/epaaix\/","logo":{"@type":"ImageObject","inLanguage":"fr-FR","@id":"https:\/\/escrime-paysdaix.fr\/epaaix\/#\/schema\/logo\/image\/","url":"https:\/\/escrime-paysdaix.fr\/epaaix\/wp-content\/uploads\/2021\/03\/epa_logo.png","contentUrl":"https:\/\/escrime-paysdaix.fr\/epaaix\/wp-content\/uploads\/2021\/03\/epa_logo.png","width":474,"height":596,"caption":"Epa - Escrime Pays d Aix"},"image":{"@id":"https:\/\/escrime-paysdaix.fr\/epaaix\/#\/schema\/logo\/image\/"},"sameAs":["https:\/\/www.facebook.com\/EscrimePaysDAix","https:\/\/x.com\/Epa_Escrime","https:\/\/www.instagram.com\/escrime_aix","https:\/\/www.youtube.com\/channel\/UC0oH02jUultLPvDckstp_UQ"]},{"@type":"Person","@id":"https:\/\/escrime-paysdaix.fr\/epaaix\/#\/schema\/person\/a07401bcfa68df0c8e9d169e163f83fc","name":"Jean-Matthieu Charpentier","url":"https:\/\/escrime-paysdaix.fr\/epaaix\/author\/jean-matthieucremieux-charpentier-fr\/"}]}},"jetpack_featured_media_url":"https:\/\/escrime-paysdaix.fr\/epaaix\/wp-content\/uploads\/2022\/05\/Podium_Mini.png","jetpack_sharing_enabled":true,"_links":{"self":[{"href":"https:\/\/escrime-paysdaix.fr\/epaaix\/wp-json\/wp\/v2\/posts\/8474","targetHints":{"allow":["GET"]}}],"collection":[{"href":"https:\/\/escrime-paysdaix.fr\/epaaix\/wp-json\/wp\/v2\/posts"}],"about":[{"href":"https:\/\/escrime-paysdaix.fr\/epaaix\/wp-json\/wp\/v2\/types\/post"}],"author":[{"embeddable":true,"href":"https:\/\/escrime-paysdaix.fr\/epaaix\/wp-json\/wp\/v2\/users\/3"}],"replies":[{"embeddable":true,"href":"https:\/\/escrime-paysdaix.fr\/epaaix\/wp-json\/wp\/v2\/comments?post=8474"}],"version-history":[{"count":0,"href":"https:\/\/escrime-paysdaix.fr\/epaaix\/wp-json\/wp\/v2\/posts\/8474\/revisions"}],"wp:featuredmedia":[{"embeddable":true,"href":"https:\/\/escrime-paysdaix.fr\/epaaix\/wp-json\/wp\/v2\/media\/7189"}],"wp:attachment":[{"href":"https:\/\/escrime-paysdaix.fr\/epaaix\/wp-json\/wp\/v2\/media?parent=8474"}],"wp:term":[{"taxonomy":"category","embeddable":true,"href":"https:\/\/escrime-paysdaix.fr\/epaaix\/wp-json\/wp\/v2\/categories?post=8474"},{"taxonomy":"post_tag","embeddable":true,"href":"https:\/\/escrime-paysdaix.fr\/epaaix\/wp-json\/wp\/v2\/tags?post=8474"},{"taxonomy":"agecategorytags","embeddable":true,"href":"https:\/\/escrime-paysdaix.fr\/epaaix\/wp-json\/wp\/v2\/agecategorytags?post=8474"},{"taxonomy":"weaponcategorytags","embeddable":true,"href":"https:\/\/escrime-paysdaix.fr\/epaaix\/wp-json\/wp\/v2\/weaponcategorytags?post=8474"},{"taxonomy":"seasoncategorytags","embeddable":true,"href":"https:\/\/escrime-paysdaix.fr\/epaaix\/wp-json\/wp\/v2\/seasoncategorytags?post=8474"}],"curies":[{"name":"wp","href":"https:\/\/api.w.org\/{rel}","templated":true}]}}