{"id":8272,"date":"2023-05-24T08:46:20","date_gmt":"2023-05-24T08:46:20","guid":{"rendered":"https:\/\/escrime-paysdaix.fr\/epaaix\/?p=8272"},"modified":"2023-05-24T08:46:23","modified_gmt":"2023-05-24T08:46:23","slug":"cdf-m17-edf-sabre-dans-la-presse","status":"publish","type":"post","link":"https:\/\/escrime-paysdaix.fr\/epaaix\/cdf-m17-edf-sabre-dans-la-presse\/","title":{"rendered":"CDF M17 \/ EDF Sabre : Dans la Presse"},"content":{"rendered":"\n<p class=\"has-medium-font-size\">Suite aux tr\u00e8s belles performances du club et de leurs tireurs ce week-end lors des Championnat de France M17 (Fleuret) et au d\u00e9but du stage de l&#8217;\u00e9quipe de France de Sabre, vous trouverez ci-dessous les articles de la Provence.<\/p>\n\n\n\n<figure class=\"wp-block-image size-large\"><img loading=\"lazy\" decoding=\"async\" width=\"1024\" height=\"388\" src=\"https:\/\/escrime-paysdaix.fr\/epaaix\/wp-content\/uploads\/2023\/05\/image-22-1024x388.png\" alt=\"\" class=\"wp-image-8274\" srcset=\"https:\/\/escrime-paysdaix.fr\/epaaix\/wp-content\/uploads\/2023\/05\/image-22-1024x388.png 1024w, https:\/\/escrime-paysdaix.fr\/epaaix\/wp-content\/uploads\/2023\/05\/image-22-300x114.png 300w, https:\/\/escrime-paysdaix.fr\/epaaix\/wp-content\/uploads\/2023\/05\/image-22-768x291.png 768w, https:\/\/escrime-paysdaix.fr\/epaaix\/wp-content\/uploads\/2023\/05\/image-22-1536x582.png 1536w, https:\/\/escrime-paysdaix.fr\/epaaix\/wp-content\/uploads\/2023\/05\/image-22.png 1564w, https:\/\/escrime-paysdaix.fr\/epaaix\/wp-content\/uploads\/2023\/05\/image-22-600x227.png 600w, https:\/\/escrime-paysdaix.fr\/epaaix\/wp-content\/uploads\/2023\/05\/image-22-280x106.png 280w\" sizes=\"auto, (max-width: 1024px) 100vw, 1024px\" \/><\/figure>\n\n\n\n<figure class=\"wp-block-image size-large\"><img loading=\"lazy\" decoding=\"async\" width=\"1024\" height=\"667\" src=\"https:\/\/escrime-paysdaix.fr\/epaaix\/wp-content\/uploads\/2023\/05\/image-21-1024x667.png\" alt=\"\" class=\"wp-image-8273\" srcset=\"https:\/\/escrime-paysdaix.fr\/epaaix\/wp-content\/uploads\/2023\/05\/image-21-1024x667.png 1024w, https:\/\/escrime-paysdaix.fr\/epaaix\/wp-content\/uploads\/2023\/05\/image-21-300x195.png 300w, https:\/\/escrime-paysdaix.fr\/epaaix\/wp-content\/uploads\/2023\/05\/image-21-768x500.png 768w, https:\/\/escrime-paysdaix.fr\/epaaix\/wp-content\/uploads\/2023\/05\/image-21.png 1151w, https:\/\/escrime-paysdaix.fr\/epaaix\/wp-content\/uploads\/2023\/05\/image-21-600x391.png 600w, https:\/\/escrime-paysdaix.fr\/epaaix\/wp-content\/uploads\/2023\/05\/image-21-246x160.png 246w\" sizes=\"auto, (max-width: 1024px) 100vw, 1024px\" \/><\/figure>\n","protected":false},"excerpt":{"rendered":"<p>Suite aux tr\u00e8s belles performances du club et de leurs tireurs ce week-end lors des Championnat de France M17 (Fleuret) et au d\u00e9but du stage de l&#8217;\u00e9quipe de France de Sabre, vous trouverez ci-dessous les articles de la Provence.<\/p>\n","protected":false},"author":3,"featured_media":7314,"comment_status":"closed","ping_status":"closed","sticky":false,"template":"","format":"standard","meta":{"_eb_attr":"","_jetpack_memberships_contains_paid_content":false,"footnotes":""},"categories":[32,54],"tags":[],"agecategorytags":[],"weaponcategorytags":[45,47],"seasoncategorytags":[51],"class_list":["post-8272","post","type-post","status-publish","format-standard","has-post-thumbnail","hentry","category-news","category-revue-de-presse","weaponcategorytags-fleuret","weaponcategorytags-sabre","seasoncategorytags-2022-2023"],"yoast_head":"<!-- This site is optimized with the Yoast SEO plugin v23.4 - https:\/\/yoast.com\/wordpress\/plugins\/seo\/ -->\n<title>CDF M17 \/ EDF Sabre : Dans la Presse - Epa - Escrime Pays d Aix<\/title>\n<meta name=\"robots\" content=\"index, follow, max-snippet:-1, max-image-preview:large, max-video-preview:-1\" \/>\n<link rel=\"canonical\" href=\"https:\/\/escrime-paysdaix.fr\/epaaix\/cdf-m17-edf-sabre-dans-la-presse\/\" \/>\n<meta property=\"og:locale\" content=\"fr_FR\" \/>\n<meta property=\"og:type\" content=\"article\" \/>\n<meta property=\"og:title\" content=\"CDF M17 \/ EDF Sabre : Dans la Presse - Epa - Escrime Pays d Aix\" \/>\n<meta property=\"og:description\" content=\"Suite aux tr\u00e8s belles performances du club et de leurs tireurs ce week-end lors des Championnat de France M17 (Fleuret) et au d\u00e9but du stage de l&#8217;\u00e9quipe de France de Sabre, vous trouverez ci-dessous les articles de la Provence.\" \/>\n<meta property=\"og:url\" content=\"https:\/\/escrime-paysdaix.fr\/epaaix\/cdf-m17-edf-sabre-dans-la-presse\/\" \/>\n<meta property=\"og:site_name\" content=\"Epa - Escrime Pays d Aix\" \/>\n<meta property=\"article:publisher\" content=\"https:\/\/www.facebook.com\/EscrimePaysDAix\" \/>\n<meta property=\"article:published_time\" content=\"2023-05-24T08:46:20+00:00\" \/>\n<meta property=\"article:modified_time\" content=\"2023-05-24T08:46:23+00:00\" \/>\n<meta property=\"og:image\" content=\"https:\/\/i0.wp.com\/escrime-paysdaix.fr\/epaaix\/wp-content\/uploads\/2022\/05\/RevuePress-1.png?fit=552%2C250&ssl=1\" \/>\n\t<meta property=\"og:image:width\" content=\"552\" \/>\n\t<meta property=\"og:image:height\" content=\"250\" \/>\n\t<meta property=\"og:image:type\" content=\"image\/png\" \/>\n<meta name=\"author\" content=\"Jean-Matthieu Charpentier\" \/>\n<meta name=\"twitter:card\" content=\"summary_large_image\" \/>\n<meta name=\"twitter:creator\" content=\"@Epa_Escrime\" \/>\n<meta name=\"twitter:site\" content=\"@Epa_Escrime\" \/>\n<meta name=\"twitter:label1\" content=\"\u00c9crit par\" \/>\n\t<meta name=\"twitter:data1\" content=\"Jean-Matthieu Charpentier\" \/>\n<script type=\"application\/ld+json\" class=\"yoast-schema-graph\">{\"@context\":\"https:\/\/schema.org\",\"@graph\":[{\"@type\":\"Article\",\"@id\":\"https:\/\/escrime-paysdaix.fr\/epaaix\/cdf-m17-edf-sabre-dans-la-presse\/#article\",\"isPartOf\":{\"@id\":\"https:\/\/escrime-paysdaix.fr\/epaaix\/cdf-m17-edf-sabre-dans-la-presse\/\"},\"author\":{\"name\":\"Jean-Matthieu Charpentier\",\"@id\":\"https:\/\/escrime-paysdaix.fr\/epaaix\/#\/schema\/person\/a07401bcfa68df0c8e9d169e163f83fc\"},\"headline\":\"CDF M17 \/ EDF Sabre : Dans la Presse\",\"datePublished\":\"2023-05-24T08:46:20+00:00\",\"dateModified\":\"2023-05-24T08:46:23+00:00\",\"mainEntityOfPage\":{\"@id\":\"https:\/\/escrime-paysdaix.fr\/epaaix\/cdf-m17-edf-sabre-dans-la-presse\/\"},\"wordCount\":49,\"publisher\":{\"@id\":\"https:\/\/escrime-paysdaix.fr\/epaaix\/#organization\"},\"image\":{\"@id\":\"https:\/\/escrime-paysdaix.fr\/epaaix\/cdf-m17-edf-sabre-dans-la-presse\/#primaryimage\"},\"thumbnailUrl\":\"https:\/\/escrime-paysdaix.fr\/epaaix\/wp-content\/uploads\/2022\/05\/RevuePress-1.png\",\"articleSection\":[\"Actu\",\"Revue de Presse\"],\"inLanguage\":\"fr-FR\"},{\"@type\":\"WebPage\",\"@id\":\"https:\/\/escrime-paysdaix.fr\/epaaix\/cdf-m17-edf-sabre-dans-la-presse\/\",\"url\":\"https:\/\/escrime-paysdaix.fr\/epaaix\/cdf-m17-edf-sabre-dans-la-presse\/\",\"name\":\"CDF M17 \/ EDF Sabre : Dans la Presse - Epa - Escrime Pays d Aix\",\"isPartOf\":{\"@id\":\"https:\/\/escrime-paysdaix.fr\/epaaix\/#website\"},\"primaryImageOfPage\":{\"@id\":\"https:\/\/escrime-paysdaix.fr\/epaaix\/cdf-m17-edf-sabre-dans-la-presse\/#primaryimage\"},\"image\":{\"@id\":\"https:\/\/escrime-paysdaix.fr\/epaaix\/cdf-m17-edf-sabre-dans-la-presse\/#primaryimage\"},\"thumbnailUrl\":\"https:\/\/escrime-paysdaix.fr\/epaaix\/wp-content\/uploads\/2022\/05\/RevuePress-1.png\",\"datePublished\":\"2023-05-24T08:46:20+00:00\",\"dateModified\":\"2023-05-24T08:46:23+00:00\",\"breadcrumb\":{\"@id\":\"https:\/\/escrime-paysdaix.fr\/epaaix\/cdf-m17-edf-sabre-dans-la-presse\/#breadcrumb\"},\"inLanguage\":\"fr-FR\",\"potentialAction\":[{\"@type\":\"ReadAction\",\"target\":[\"https:\/\/escrime-paysdaix.fr\/epaaix\/cdf-m17-edf-sabre-dans-la-presse\/\"]}]},{\"@type\":\"ImageObject\",\"inLanguage\":\"fr-FR\",\"@id\":\"https:\/\/escrime-paysdaix.fr\/epaaix\/cdf-m17-edf-sabre-dans-la-presse\/#primaryimage\",\"url\":\"https:\/\/escrime-paysdaix.fr\/epaaix\/wp-content\/uploads\/2022\/05\/RevuePress-1.png\",\"contentUrl\":\"https:\/\/escrime-paysdaix.fr\/epaaix\/wp-content\/uploads\/2022\/05\/RevuePress-1.png\",\"width\":552,\"height\":250},{\"@type\":\"BreadcrumbList\",\"@id\":\"https:\/\/escrime-paysdaix.fr\/epaaix\/cdf-m17-edf-sabre-dans-la-presse\/#breadcrumb\",\"itemListElement\":[{\"@type\":\"ListItem\",\"position\":1,\"name\":\"Accueil\",\"item\":\"https:\/\/escrime-paysdaix.fr\/epaaix\/\"},{\"@type\":\"ListItem\",\"position\":2,\"name\":\"CDF M17 \/ EDF Sabre : Dans la Presse\"}]},{\"@type\":\"WebSite\",\"@id\":\"https:\/\/escrime-paysdaix.fr\/epaaix\/#website\",\"url\":\"https:\/\/escrime-paysdaix.fr\/epaaix\/\",\"name\":\"Epa - Escrime Pays d Aix\",\"description\":\"Club d escrime \u00e0 Aix en Provence. Formation Loisir Comp\u00e9tition\",\"publisher\":{\"@id\":\"https:\/\/escrime-paysdaix.fr\/epaaix\/#organization\"},\"potentialAction\":[{\"@type\":\"SearchAction\",\"target\":{\"@type\":\"EntryPoint\",\"urlTemplate\":\"https:\/\/escrime-paysdaix.fr\/epaaix\/?s={search_term_string}\"},\"query-input\":{\"@type\":\"PropertyValueSpecification\",\"valueRequired\":true,\"valueName\":\"search_term_string\"}}],\"inLanguage\":\"fr-FR\"},{\"@type\":\"Organization\",\"@id\":\"https:\/\/escrime-paysdaix.fr\/epaaix\/#organization\",\"name\":\"Epa - Escrime Pays d Aix\",\"url\":\"https:\/\/escrime-paysdaix.fr\/epaaix\/\",\"logo\":{\"@type\":\"ImageObject\",\"inLanguage\":\"fr-FR\",\"@id\":\"https:\/\/escrime-paysdaix.fr\/epaaix\/#\/schema\/logo\/image\/\",\"url\":\"https:\/\/escrime-paysdaix.fr\/epaaix\/wp-content\/uploads\/2021\/03\/epa_logo.png\",\"contentUrl\":\"https:\/\/escrime-paysdaix.fr\/epaaix\/wp-content\/uploads\/2021\/03\/epa_logo.png\",\"width\":474,\"height\":596,\"caption\":\"Epa - Escrime Pays d Aix\"},\"image\":{\"@id\":\"https:\/\/escrime-paysdaix.fr\/epaaix\/#\/schema\/logo\/image\/\"},\"sameAs\":[\"https:\/\/www.facebook.com\/EscrimePaysDAix\",\"https:\/\/x.com\/Epa_Escrime\",\"https:\/\/www.instagram.com\/escrime_aix\",\"https:\/\/www.youtube.com\/channel\/UC0oH02jUultLPvDckstp_UQ\"]},{\"@type\":\"Person\",\"@id\":\"https:\/\/escrime-paysdaix.fr\/epaaix\/#\/schema\/person\/a07401bcfa68df0c8e9d169e163f83fc\",\"name\":\"Jean-Matthieu Charpentier\",\"url\":\"https:\/\/escrime-paysdaix.fr\/epaaix\/author\/jean-matthieucremieux-charpentier-fr\/\"}]}<\/script>\n<!-- \/ Yoast SEO plugin. -->","yoast_head_json":{"title":"CDF M17 \/ EDF Sabre : Dans la Presse - Epa - Escrime Pays d Aix","robots":{"index":"index","follow":"follow","max-snippet":"max-snippet:-1","max-image-preview":"max-image-preview:large","max-video-preview":"max-video-preview:-1"},"canonical":"https:\/\/escrime-paysdaix.fr\/epaaix\/cdf-m17-edf-sabre-dans-la-presse\/","og_locale":"fr_FR","og_type":"article","og_title":"CDF M17 \/ EDF Sabre : Dans la Presse - Epa - Escrime Pays d Aix","og_description":"Suite aux tr\u00e8s belles performances du club et de leurs tireurs ce week-end lors des Championnat de France M17 (Fleuret) et au d\u00e9but du stage de l&#8217;\u00e9quipe de France de Sabre, vous trouverez ci-dessous les articles de la Provence.","og_url":"https:\/\/escrime-paysdaix.fr\/epaaix\/cdf-m17-edf-sabre-dans-la-presse\/","og_site_name":"Epa - Escrime Pays d Aix","article_publisher":"https:\/\/www.facebook.com\/EscrimePaysDAix","article_published_time":"2023-05-24T08:46:20+00:00","article_modified_time":"2023-05-24T08:46:23+00:00","og_image":[{"width":552,"height":250,"url":"https:\/\/i0.wp.com\/escrime-paysdaix.fr\/epaaix\/wp-content\/uploads\/2022\/05\/RevuePress-1.png?fit=552%2C250&ssl=1","type":"image\/png"}],"author":"Jean-Matthieu Charpentier","twitter_card":"summary_large_image","twitter_creator":"@Epa_Escrime","twitter_site":"@Epa_Escrime","twitter_misc":{"\u00c9crit par":"Jean-Matthieu Charpentier"},"schema":{"@context":"https:\/\/schema.org","@graph":[{"@type":"Article","@id":"https:\/\/escrime-paysdaix.fr\/epaaix\/cdf-m17-edf-sabre-dans-la-presse\/#article","isPartOf":{"@id":"https:\/\/escrime-paysdaix.fr\/epaaix\/cdf-m17-edf-sabre-dans-la-presse\/"},"author":{"name":"Jean-Matthieu Charpentier","@id":"https:\/\/escrime-paysdaix.fr\/epaaix\/#\/schema\/person\/a07401bcfa68df0c8e9d169e163f83fc"},"headline":"CDF M17 \/ EDF Sabre : Dans la Presse","datePublished":"2023-05-24T08:46:20+00:00","dateModified":"2023-05-24T08:46:23+00:00","mainEntityOfPage":{"@id":"https:\/\/escrime-paysdaix.fr\/epaaix\/cdf-m17-edf-sabre-dans-la-presse\/"},"wordCount":49,"publisher":{"@id":"https:\/\/escrime-paysdaix.fr\/epaaix\/#organization"},"image":{"@id":"https:\/\/escrime-paysdaix.fr\/epaaix\/cdf-m17-edf-sabre-dans-la-presse\/#primaryimage"},"thumbnailUrl":"https:\/\/escrime-paysdaix.fr\/epaaix\/wp-content\/uploads\/2022\/05\/RevuePress-1.png","articleSection":["Actu","Revue de Presse"],"inLanguage":"fr-FR"},{"@type":"WebPage","@id":"https:\/\/escrime-paysdaix.fr\/epaaix\/cdf-m17-edf-sabre-dans-la-presse\/","url":"https:\/\/escrime-paysdaix.fr\/epaaix\/cdf-m17-edf-sabre-dans-la-presse\/","name":"CDF M17 \/ EDF Sabre : Dans la Presse - Epa - Escrime Pays d Aix","isPartOf":{"@id":"https:\/\/escrime-paysdaix.fr\/epaaix\/#website"},"primaryImageOfPage":{"@id":"https:\/\/escrime-paysdaix.fr\/epaaix\/cdf-m17-edf-sabre-dans-la-presse\/#primaryimage"},"image":{"@id":"https:\/\/escrime-paysdaix.fr\/epaaix\/cdf-m17-edf-sabre-dans-la-presse\/#primaryimage"},"thumbnailUrl":"https:\/\/escrime-paysdaix.fr\/epaaix\/wp-content\/uploads\/2022\/05\/RevuePress-1.png","datePublished":"2023-05-24T08:46:20+00:00","dateModified":"2023-05-24T08:46:23+00:00","breadcrumb":{"@id":"https:\/\/escrime-paysdaix.fr\/epaaix\/cdf-m17-edf-sabre-dans-la-presse\/#breadcrumb"},"inLanguage":"fr-FR","potentialAction":[{"@type":"ReadAction","target":["https:\/\/escrime-paysdaix.fr\/epaaix\/cdf-m17-edf-sabre-dans-la-presse\/"]}]},{"@type":"ImageObject","inLanguage":"fr-FR","@id":"https:\/\/escrime-paysdaix.fr\/epaaix\/cdf-m17-edf-sabre-dans-la-presse\/#primaryimage","url":"https:\/\/escrime-paysdaix.fr\/epaaix\/wp-content\/uploads\/2022\/05\/RevuePress-1.png","contentUrl":"https:\/\/escrime-paysdaix.fr\/epaaix\/wp-content\/uploads\/2022\/05\/RevuePress-1.png","width":552,"height":250},{"@type":"BreadcrumbList","@id":"https:\/\/escrime-paysdaix.fr\/epaaix\/cdf-m17-edf-sabre-dans-la-presse\/#breadcrumb","itemListElement":[{"@type":"ListItem","position":1,"name":"Accueil","item":"https:\/\/escrime-paysdaix.fr\/epaaix\/"},{"@type":"ListItem","position":2,"name":"CDF M17 \/ EDF Sabre : Dans la Presse"}]},{"@type":"WebSite","@id":"https:\/\/escrime-paysdaix.fr\/epaaix\/#website","url":"https:\/\/escrime-paysdaix.fr\/epaaix\/","name":"Epa - Escrime Pays d Aix","description":"Club d escrime \u00e0 Aix en Provence. Formation Loisir Comp\u00e9tition","publisher":{"@id":"https:\/\/escrime-paysdaix.fr\/epaaix\/#organization"},"potentialAction":[{"@type":"SearchAction","target":{"@type":"EntryPoint","urlTemplate":"https:\/\/escrime-paysdaix.fr\/epaaix\/?s={search_term_string}"},"query-input":{"@type":"PropertyValueSpecification","valueRequired":true,"valueName":"search_term_string"}}],"inLanguage":"fr-FR"},{"@type":"Organization","@id":"https:\/\/escrime-paysdaix.fr\/epaaix\/#organization","name":"Epa - Escrime Pays d Aix","url":"https:\/\/escrime-paysdaix.fr\/epaaix\/","logo":{"@type":"ImageObject","inLanguage":"fr-FR","@id":"https:\/\/escrime-paysdaix.fr\/epaaix\/#\/schema\/logo\/image\/","url":"https:\/\/escrime-paysdaix.fr\/epaaix\/wp-content\/uploads\/2021\/03\/epa_logo.png","contentUrl":"https:\/\/escrime-paysdaix.fr\/epaaix\/wp-content\/uploads\/2021\/03\/epa_logo.png","width":474,"height":596,"caption":"Epa - Escrime Pays d Aix"},"image":{"@id":"https:\/\/escrime-paysdaix.fr\/epaaix\/#\/schema\/logo\/image\/"},"sameAs":["https:\/\/www.facebook.com\/EscrimePaysDAix","https:\/\/x.com\/Epa_Escrime","https:\/\/www.instagram.com\/escrime_aix","https:\/\/www.youtube.com\/channel\/UC0oH02jUultLPvDckstp_UQ"]},{"@type":"Person","@id":"https:\/\/escrime-paysdaix.fr\/epaaix\/#\/schema\/person\/a07401bcfa68df0c8e9d169e163f83fc","name":"Jean-Matthieu Charpentier","url":"https:\/\/escrime-paysdaix.fr\/epaaix\/author\/jean-matthieucremieux-charpentier-fr\/"}]}},"jetpack_featured_media_url":"https:\/\/escrime-paysdaix.fr\/epaaix\/wp-content\/uploads\/2022\/05\/RevuePress-1.png","jetpack_sharing_enabled":true,"_links":{"self":[{"href":"https:\/\/escrime-paysdaix.fr\/epaaix\/wp-json\/wp\/v2\/posts\/8272","targetHints":{"allow":["GET"]}}],"collection":[{"href":"https:\/\/escrime-paysdaix.fr\/epaaix\/wp-json\/wp\/v2\/posts"}],"about":[{"href":"https:\/\/escrime-paysdaix.fr\/epaaix\/wp-json\/wp\/v2\/types\/post"}],"author":[{"embeddable":true,"href":"https:\/\/escrime-paysdaix.fr\/epaaix\/wp-json\/wp\/v2\/users\/3"}],"replies":[{"embeddable":true,"href":"https:\/\/escrime-paysdaix.fr\/epaaix\/wp-json\/wp\/v2\/comments?post=8272"}],"version-history":[{"count":0,"href":"https:\/\/escrime-paysdaix.fr\/epaaix\/wp-json\/wp\/v2\/posts\/8272\/revisions"}],"wp:featuredmedia":[{"embeddable":true,"href":"https:\/\/escrime-paysdaix.fr\/epaaix\/wp-json\/wp\/v2\/media\/7314"}],"wp:attachment":[{"href":"https:\/\/escrime-paysdaix.fr\/epaaix\/wp-json\/wp\/v2\/media?parent=8272"}],"wp:term":[{"taxonomy":"category","embeddable":true,"href":"https:\/\/escrime-paysdaix.fr\/epaaix\/wp-json\/wp\/v2\/categories?post=8272"},{"taxonomy":"post_tag","embeddable":true,"href":"https:\/\/escrime-paysdaix.fr\/epaaix\/wp-json\/wp\/v2\/tags?post=8272"},{"taxonomy":"agecategorytags","embeddable":true,"href":"https:\/\/escrime-paysdaix.fr\/epaaix\/wp-json\/wp\/v2\/agecategorytags?post=8272"},{"taxonomy":"weaponcategorytags","embeddable":true,"href":"https:\/\/escrime-paysdaix.fr\/epaaix\/wp-json\/wp\/v2\/weaponcategorytags?post=8272"},{"taxonomy":"seasoncategorytags","embeddable":true,"href":"https:\/\/escrime-paysdaix.fr\/epaaix\/wp-json\/wp\/v2\/seasoncategorytags?post=8272"}],"curies":[{"name":"wp","href":"https:\/\/api.w.org\/{rel}","templated":true}]}}