{"id":4213,"date":"2021-09-19T16:52:21","date_gmt":"2021-09-19T16:52:21","guid":{"rendered":"https:\/\/escrime-paysdaix.fr\/epaaix\/?p=4213"},"modified":"2021-09-19T17:00:27","modified_gmt":"2021-09-19T17:00:27","slug":"journee-nationale-de-larbitrage","status":"publish","type":"post","link":"https:\/\/escrime-paysdaix.fr\/epaaix\/journee-nationale-de-larbitrage\/","title":{"rendered":"Journ\u00e9e Nationale de l&#8217;Arbitrage"},"content":{"rendered":"\n<div class=\"wp-block-columns is-layout-flex wp-container-core-columns-is-layout-9d6595d7 wp-block-columns-is-layout-flex\">\n<div class=\"wp-block-column is-layout-flow wp-block-column-is-layout-flow\">\n<figure class=\"wp-block-image size-medium\"><img loading=\"lazy\" decoding=\"async\" width=\"240\" height=\"300\" src=\"https:\/\/escrime-paysdaix.fr\/epaaix\/wp-content\/uploads\/2021\/09\/1632068183047-240x300.jpg\" alt=\"\" class=\"wp-image-4215\" srcset=\"https:\/\/escrime-paysdaix.fr\/epaaix\/wp-content\/uploads\/2021\/09\/1632068183047-240x300.jpg 240w, https:\/\/escrime-paysdaix.fr\/epaaix\/wp-content\/uploads\/2021\/09\/1632068183047-768x959.jpg 768w, https:\/\/escrime-paysdaix.fr\/epaaix\/wp-content\/uploads\/2021\/09\/1632068183047-820x1024.jpg 820w, https:\/\/escrime-paysdaix.fr\/epaaix\/wp-content\/uploads\/2021\/09\/1632068183047-1230x1536.jpg 1230w, https:\/\/escrime-paysdaix.fr\/epaaix\/wp-content\/uploads\/2021\/09\/1632068183047.jpg 1249w\" sizes=\"auto, (max-width: 240px) 100vw, 240px\" \/><figcaption><span class=\"has-inline-color has-cyan-bluish-gray-color\">\u00a9 Escrime Pays d&#8217;Aix<\/span><\/figcaption><\/figure>\n<\/div>\n\n\n\n<div class=\"wp-block-column is-layout-flow wp-block-column-is-layout-flow\">\n<figure class=\"wp-block-image size-medium\"><img loading=\"lazy\" decoding=\"async\" width=\"240\" height=\"300\" src=\"https:\/\/escrime-paysdaix.fr\/epaaix\/wp-content\/uploads\/2021\/09\/1632068183050-1-240x300.jpg\" alt=\"\" class=\"wp-image-4216\" srcset=\"https:\/\/escrime-paysdaix.fr\/epaaix\/wp-content\/uploads\/2021\/09\/1632068183050-1-240x300.jpg 240w, https:\/\/escrime-paysdaix.fr\/epaaix\/wp-content\/uploads\/2021\/09\/1632068183050-1-768x962.jpg 768w, https:\/\/escrime-paysdaix.fr\/epaaix\/wp-content\/uploads\/2021\/09\/1632068183050-1-818x1024.jpg 818w, https:\/\/escrime-paysdaix.fr\/epaaix\/wp-content\/uploads\/2021\/09\/1632068183050-1.jpg 1440w\" sizes=\"auto, (max-width: 240px) 100vw, 240px\" \/><figcaption><span class=\"has-inline-color has-cyan-bluish-gray-color\"> \u00a9 Escrime Pays d&#8217;Aix <\/span><\/figcaption><\/figure>\n<\/div>\n\n\n\n<div class=\"wp-block-column is-layout-flow wp-block-column-is-layout-flow\">\n<figure class=\"wp-block-image size-medium\"><img loading=\"lazy\" decoding=\"async\" width=\"240\" height=\"300\" src=\"https:\/\/escrime-paysdaix.fr\/epaaix\/wp-content\/uploads\/2021\/09\/1632068183044-240x300.jpg\" alt=\"\" class=\"wp-image-4217\" srcset=\"https:\/\/escrime-paysdaix.fr\/epaaix\/wp-content\/uploads\/2021\/09\/1632068183044-240x300.jpg 240w, https:\/\/escrime-paysdaix.fr\/epaaix\/wp-content\/uploads\/2021\/09\/1632068183044-768x960.jpg 768w, https:\/\/escrime-paysdaix.fr\/epaaix\/wp-content\/uploads\/2021\/09\/1632068183044-819x1024.jpg 819w, https:\/\/escrime-paysdaix.fr\/epaaix\/wp-content\/uploads\/2021\/09\/1632068183044-1229x1536.jpg 1229w, https:\/\/escrime-paysdaix.fr\/epaaix\/wp-content\/uploads\/2021\/09\/1632068183044.jpg 1440w\" sizes=\"auto, (max-width: 240px) 100vw, 240px\" \/><figcaption><span class=\"has-inline-color has-cyan-bluish-gray-color\"> \u00a9 Escrime Pays d&#8217;Aix <\/span><\/figcaption><\/figure>\n<\/div>\n<\/div>\n\n\n\n<p>Le 18 septembre 2021 a eu lieu au CREPS PACA la Journ\u00e9e Nationale de l&#8217;Arbitrage. Deux de nos licenci\u00e9s, Gabriel Vasconcelos de Sousa, fleurettiste, et Coline Garcia, \u00e9p\u00e9iste, ont candidat\u00e9 \u00e0 l&#8217;\u00e9preuve th\u00e9orique d&#8217;arbitrage interd\u00e9partemental \u00e0 leur arme respective.<\/p>\n\n\n\n<p>Apr\u00e8s une matin\u00e9e sur le th\u00e8me de l&#8217;arbitrage, avec notamment une conf\u00e9rence organis\u00e9e par la Commission Nationale qui leur a permis d&#8217;\u00e9changer avec les arbitres des JO, le pr\u00e9sident de la FFE et d&#8217;autre athl\u00e8te, mais aussi une s\u00e9ance de r\u00e9vision g\u00e9n\u00e9rales des derniers r\u00e8glements FIE en date, les candidats se sont soumis l&#8217;apr\u00e8s midi \u00e0 l&#8217;\u00e9preuve du QCM. Si \u00e0 la fin de la journ\u00e9e nos deux candidats on sans surprise r\u00e9ussi leur examen avec brio, l&#8217;Escrime Pays d&#8217;Aix tient \u00e0 f\u00e9liciter tout particuli\u00e8rement Gabriel qui r\u00e9alise un sans faute: 20\/20! <\/p>\n\n\n\n<p>La formation est un engagement mutuel d\u2019accompagnement entre un club et ses jeunes arbitres. Les candidats ayant obtenu leur \u00e9preuve th\u00e9orique cette ann\u00e9e, mais aussi ceux qui l&#8217;ont valid\u00e9 l&#8217;ann\u00e9e derni\u00e8re, continueront leur formation au sein de l&#8217;EPA. Ils peuvent d\u00e9sormais arbitrer toutes les comp\u00e9titions organis\u00e9es dans le cadre du comit\u00e9 interd\u00e9partemental, voir m\u00eame du comit\u00e9 r\u00e9gional avec l&#8217;accord de la CRA PACA, et pourquoi pas commencer a r\u00e9viser pour la formation d&#8217;arbitrage r\u00e9gional? <\/p>\n\n\n\n<p> On leur souhaite bonne chance dans la suite de leur projet sportif en mati\u00e8re d&#8217;arbitrage!<\/p>\n\n\n\n<p><\/p>\n","protected":false},"excerpt":{"rendered":"<p>Le 18 septembre 2021 a eu lieu au CREPS PACA la Journ\u00e9e Nationale de l&#8217;Arbitrage. Deux de nos licenci\u00e9s, Gabriel Vasconcelos de Sousa, fleurettiste, et Coline Garcia, \u00e9p\u00e9iste, ont candidat\u00e9 \u00e0 l&#8217;\u00e9preuve th\u00e9orique d&#8217;arbitrage interd\u00e9partemental \u00e0 leur arme respective.<\/p>\n","protected":false},"author":3,"featured_media":0,"comment_status":"closed","ping_status":"closed","sticky":false,"template":"","format":"standard","meta":{"_eb_attr":"","_jetpack_memberships_contains_paid_content":false,"footnotes":""},"categories":[32,2],"tags":[59,60,58],"agecategorytags":[],"weaponcategorytags":[],"seasoncategorytags":[],"class_list":["post-4213","post","type-post","status-publish","format-standard","hentry","category-news","category-vieduclub","tag-arbitrage","tag-interdepartemental","tag-jna"],"yoast_head":"<!-- This site is optimized with the Yoast SEO plugin v23.4 - https:\/\/yoast.com\/wordpress\/plugins\/seo\/ -->\n<title>Journ\u00e9e Nationale de l&#039;Arbitrage - Epa - Escrime Pays d Aix<\/title>\n<meta name=\"robots\" content=\"index, follow, max-snippet:-1, max-image-preview:large, max-video-preview:-1\" \/>\n<link rel=\"canonical\" href=\"https:\/\/escrime-paysdaix.fr\/epaaix\/journee-nationale-de-larbitrage\/\" \/>\n<meta property=\"og:locale\" content=\"fr_FR\" \/>\n<meta property=\"og:type\" content=\"article\" \/>\n<meta property=\"og:title\" content=\"Journ\u00e9e Nationale de l&#039;Arbitrage - Epa - Escrime Pays d Aix\" \/>\n<meta property=\"og:description\" content=\"Le 18 septembre 2021 a eu lieu au CREPS PACA la Journ\u00e9e Nationale de l&#039;Arbitrage. Deux de nos licenci\u00e9s, Gabriel Vasconcelos de Sousa, fleurettiste, et Coline Garcia, \u00e9p\u00e9iste, ont candidat\u00e9 \u00e0 l&#039;\u00e9preuve th\u00e9orique d&#039;arbitrage interd\u00e9partemental \u00e0 leur arme respective.\" \/>\n<meta property=\"og:url\" content=\"https:\/\/escrime-paysdaix.fr\/epaaix\/journee-nationale-de-larbitrage\/\" \/>\n<meta property=\"og:site_name\" content=\"Epa - Escrime Pays d Aix\" \/>\n<meta property=\"article:publisher\" content=\"https:\/\/www.facebook.com\/EscrimePaysDAix\" \/>\n<meta property=\"article:published_time\" content=\"2021-09-19T16:52:21+00:00\" \/>\n<meta property=\"article:modified_time\" content=\"2021-09-19T17:00:27+00:00\" \/>\n<meta property=\"og:image\" content=\"https:\/\/escrime-paysdaix.fr\/epaaix\/wp-content\/uploads\/2021\/09\/1632068183047-240x300.jpg\" \/>\n<meta name=\"author\" content=\"Jean-Matthieu Charpentier\" \/>\n<meta name=\"twitter:card\" content=\"summary_large_image\" \/>\n<meta name=\"twitter:creator\" content=\"@Epa_Escrime\" \/>\n<meta name=\"twitter:site\" content=\"@Epa_Escrime\" \/>\n<meta name=\"twitter:label1\" content=\"\u00c9crit par\" \/>\n\t<meta name=\"twitter:data1\" content=\"Jean-Matthieu Charpentier\" \/>\n\t<meta name=\"twitter:label2\" content=\"Dur\u00e9e de lecture estim\u00e9e\" \/>\n\t<meta name=\"twitter:data2\" content=\"1 minute\" \/>\n<script type=\"application\/ld+json\" class=\"yoast-schema-graph\">{\"@context\":\"https:\/\/schema.org\",\"@graph\":[{\"@type\":\"Article\",\"@id\":\"https:\/\/escrime-paysdaix.fr\/epaaix\/journee-nationale-de-larbitrage\/#article\",\"isPartOf\":{\"@id\":\"https:\/\/escrime-paysdaix.fr\/epaaix\/journee-nationale-de-larbitrage\/\"},\"author\":{\"name\":\"Jean-Matthieu Charpentier\",\"@id\":\"https:\/\/escrime-paysdaix.fr\/epaaix\/#\/schema\/person\/a07401bcfa68df0c8e9d169e163f83fc\"},\"headline\":\"Journ\u00e9e Nationale de l&#8217;Arbitrage\",\"datePublished\":\"2021-09-19T16:52:21+00:00\",\"dateModified\":\"2021-09-19T17:00:27+00:00\",\"mainEntityOfPage\":{\"@id\":\"https:\/\/escrime-paysdaix.fr\/epaaix\/journee-nationale-de-larbitrage\/\"},\"wordCount\":266,\"publisher\":{\"@id\":\"https:\/\/escrime-paysdaix.fr\/epaaix\/#organization\"},\"image\":{\"@id\":\"https:\/\/escrime-paysdaix.fr\/epaaix\/journee-nationale-de-larbitrage\/#primaryimage\"},\"thumbnailUrl\":\"https:\/\/escrime-paysdaix.fr\/epaaix\/wp-content\/uploads\/2021\/09\/1632068183047-240x300.jpg\",\"keywords\":[\"arbitrage\",\"interd\u00e9partemental\",\"jna\"],\"articleSection\":[\"Actu\",\"Vie Du Club\"],\"inLanguage\":\"fr-FR\"},{\"@type\":\"WebPage\",\"@id\":\"https:\/\/escrime-paysdaix.fr\/epaaix\/journee-nationale-de-larbitrage\/\",\"url\":\"https:\/\/escrime-paysdaix.fr\/epaaix\/journee-nationale-de-larbitrage\/\",\"name\":\"Journ\u00e9e Nationale de l'Arbitrage - Epa - Escrime Pays d Aix\",\"isPartOf\":{\"@id\":\"https:\/\/escrime-paysdaix.fr\/epaaix\/#website\"},\"primaryImageOfPage\":{\"@id\":\"https:\/\/escrime-paysdaix.fr\/epaaix\/journee-nationale-de-larbitrage\/#primaryimage\"},\"image\":{\"@id\":\"https:\/\/escrime-paysdaix.fr\/epaaix\/journee-nationale-de-larbitrage\/#primaryimage\"},\"thumbnailUrl\":\"https:\/\/escrime-paysdaix.fr\/epaaix\/wp-content\/uploads\/2021\/09\/1632068183047-240x300.jpg\",\"datePublished\":\"2021-09-19T16:52:21+00:00\",\"dateModified\":\"2021-09-19T17:00:27+00:00\",\"breadcrumb\":{\"@id\":\"https:\/\/escrime-paysdaix.fr\/epaaix\/journee-nationale-de-larbitrage\/#breadcrumb\"},\"inLanguage\":\"fr-FR\",\"potentialAction\":[{\"@type\":\"ReadAction\",\"target\":[\"https:\/\/escrime-paysdaix.fr\/epaaix\/journee-nationale-de-larbitrage\/\"]}]},{\"@type\":\"ImageObject\",\"inLanguage\":\"fr-FR\",\"@id\":\"https:\/\/escrime-paysdaix.fr\/epaaix\/journee-nationale-de-larbitrage\/#primaryimage\",\"url\":\"https:\/\/escrime-paysdaix.fr\/epaaix\/wp-content\/uploads\/2021\/09\/1632068183047.jpg\",\"contentUrl\":\"https:\/\/escrime-paysdaix.fr\/epaaix\/wp-content\/uploads\/2021\/09\/1632068183047.jpg\",\"width\":1249,\"height\":1560},{\"@type\":\"BreadcrumbList\",\"@id\":\"https:\/\/escrime-paysdaix.fr\/epaaix\/journee-nationale-de-larbitrage\/#breadcrumb\",\"itemListElement\":[{\"@type\":\"ListItem\",\"position\":1,\"name\":\"Accueil\",\"item\":\"https:\/\/escrime-paysdaix.fr\/epaaix\/\"},{\"@type\":\"ListItem\",\"position\":2,\"name\":\"Journ\u00e9e Nationale de l&#8217;Arbitrage\"}]},{\"@type\":\"WebSite\",\"@id\":\"https:\/\/escrime-paysdaix.fr\/epaaix\/#website\",\"url\":\"https:\/\/escrime-paysdaix.fr\/epaaix\/\",\"name\":\"Epa - Escrime Pays d Aix\",\"description\":\"Club d escrime \u00e0 Aix en Provence. Formation Loisir Comp\u00e9tition\",\"publisher\":{\"@id\":\"https:\/\/escrime-paysdaix.fr\/epaaix\/#organization\"},\"potentialAction\":[{\"@type\":\"SearchAction\",\"target\":{\"@type\":\"EntryPoint\",\"urlTemplate\":\"https:\/\/escrime-paysdaix.fr\/epaaix\/?s={search_term_string}\"},\"query-input\":{\"@type\":\"PropertyValueSpecification\",\"valueRequired\":true,\"valueName\":\"search_term_string\"}}],\"inLanguage\":\"fr-FR\"},{\"@type\":\"Organization\",\"@id\":\"https:\/\/escrime-paysdaix.fr\/epaaix\/#organization\",\"name\":\"Epa - Escrime Pays d Aix\",\"url\":\"https:\/\/escrime-paysdaix.fr\/epaaix\/\",\"logo\":{\"@type\":\"ImageObject\",\"inLanguage\":\"fr-FR\",\"@id\":\"https:\/\/escrime-paysdaix.fr\/epaaix\/#\/schema\/logo\/image\/\",\"url\":\"https:\/\/escrime-paysdaix.fr\/epaaix\/wp-content\/uploads\/2021\/03\/epa_logo.png\",\"contentUrl\":\"https:\/\/escrime-paysdaix.fr\/epaaix\/wp-content\/uploads\/2021\/03\/epa_logo.png\",\"width\":474,\"height\":596,\"caption\":\"Epa - Escrime Pays d Aix\"},\"image\":{\"@id\":\"https:\/\/escrime-paysdaix.fr\/epaaix\/#\/schema\/logo\/image\/\"},\"sameAs\":[\"https:\/\/www.facebook.com\/EscrimePaysDAix\",\"https:\/\/x.com\/Epa_Escrime\",\"https:\/\/www.instagram.com\/escrime_aix\",\"https:\/\/www.youtube.com\/channel\/UC0oH02jUultLPvDckstp_UQ\"]},{\"@type\":\"Person\",\"@id\":\"https:\/\/escrime-paysdaix.fr\/epaaix\/#\/schema\/person\/a07401bcfa68df0c8e9d169e163f83fc\",\"name\":\"Jean-Matthieu Charpentier\",\"url\":\"https:\/\/escrime-paysdaix.fr\/epaaix\/author\/jean-matthieucremieux-charpentier-fr\/\"}]}<\/script>\n<!-- \/ Yoast SEO plugin. -->","yoast_head_json":{"title":"Journ\u00e9e Nationale de l'Arbitrage - Epa - Escrime Pays d Aix","robots":{"index":"index","follow":"follow","max-snippet":"max-snippet:-1","max-image-preview":"max-image-preview:large","max-video-preview":"max-video-preview:-1"},"canonical":"https:\/\/escrime-paysdaix.fr\/epaaix\/journee-nationale-de-larbitrage\/","og_locale":"fr_FR","og_type":"article","og_title":"Journ\u00e9e Nationale de l'Arbitrage - Epa - Escrime Pays d Aix","og_description":"Le 18 septembre 2021 a eu lieu au CREPS PACA la Journ\u00e9e Nationale de l'Arbitrage. Deux de nos licenci\u00e9s, Gabriel Vasconcelos de Sousa, fleurettiste, et Coline Garcia, \u00e9p\u00e9iste, ont candidat\u00e9 \u00e0 l'\u00e9preuve th\u00e9orique d'arbitrage interd\u00e9partemental \u00e0 leur arme respective.","og_url":"https:\/\/escrime-paysdaix.fr\/epaaix\/journee-nationale-de-larbitrage\/","og_site_name":"Epa - Escrime Pays d Aix","article_publisher":"https:\/\/www.facebook.com\/EscrimePaysDAix","article_published_time":"2021-09-19T16:52:21+00:00","article_modified_time":"2021-09-19T17:00:27+00:00","og_image":[{"url":"https:\/\/escrime-paysdaix.fr\/epaaix\/wp-content\/uploads\/2021\/09\/1632068183047-240x300.jpg"}],"author":"Jean-Matthieu Charpentier","twitter_card":"summary_large_image","twitter_creator":"@Epa_Escrime","twitter_site":"@Epa_Escrime","twitter_misc":{"\u00c9crit par":"Jean-Matthieu Charpentier","Dur\u00e9e de lecture estim\u00e9e":"1 minute"},"schema":{"@context":"https:\/\/schema.org","@graph":[{"@type":"Article","@id":"https:\/\/escrime-paysdaix.fr\/epaaix\/journee-nationale-de-larbitrage\/#article","isPartOf":{"@id":"https:\/\/escrime-paysdaix.fr\/epaaix\/journee-nationale-de-larbitrage\/"},"author":{"name":"Jean-Matthieu Charpentier","@id":"https:\/\/escrime-paysdaix.fr\/epaaix\/#\/schema\/person\/a07401bcfa68df0c8e9d169e163f83fc"},"headline":"Journ\u00e9e Nationale de l&#8217;Arbitrage","datePublished":"2021-09-19T16:52:21+00:00","dateModified":"2021-09-19T17:00:27+00:00","mainEntityOfPage":{"@id":"https:\/\/escrime-paysdaix.fr\/epaaix\/journee-nationale-de-larbitrage\/"},"wordCount":266,"publisher":{"@id":"https:\/\/escrime-paysdaix.fr\/epaaix\/#organization"},"image":{"@id":"https:\/\/escrime-paysdaix.fr\/epaaix\/journee-nationale-de-larbitrage\/#primaryimage"},"thumbnailUrl":"https:\/\/escrime-paysdaix.fr\/epaaix\/wp-content\/uploads\/2021\/09\/1632068183047-240x300.jpg","keywords":["arbitrage","interd\u00e9partemental","jna"],"articleSection":["Actu","Vie Du Club"],"inLanguage":"fr-FR"},{"@type":"WebPage","@id":"https:\/\/escrime-paysdaix.fr\/epaaix\/journee-nationale-de-larbitrage\/","url":"https:\/\/escrime-paysdaix.fr\/epaaix\/journee-nationale-de-larbitrage\/","name":"Journ\u00e9e Nationale de l'Arbitrage - Epa - Escrime Pays d Aix","isPartOf":{"@id":"https:\/\/escrime-paysdaix.fr\/epaaix\/#website"},"primaryImageOfPage":{"@id":"https:\/\/escrime-paysdaix.fr\/epaaix\/journee-nationale-de-larbitrage\/#primaryimage"},"image":{"@id":"https:\/\/escrime-paysdaix.fr\/epaaix\/journee-nationale-de-larbitrage\/#primaryimage"},"thumbnailUrl":"https:\/\/escrime-paysdaix.fr\/epaaix\/wp-content\/uploads\/2021\/09\/1632068183047-240x300.jpg","datePublished":"2021-09-19T16:52:21+00:00","dateModified":"2021-09-19T17:00:27+00:00","breadcrumb":{"@id":"https:\/\/escrime-paysdaix.fr\/epaaix\/journee-nationale-de-larbitrage\/#breadcrumb"},"inLanguage":"fr-FR","potentialAction":[{"@type":"ReadAction","target":["https:\/\/escrime-paysdaix.fr\/epaaix\/journee-nationale-de-larbitrage\/"]}]},{"@type":"ImageObject","inLanguage":"fr-FR","@id":"https:\/\/escrime-paysdaix.fr\/epaaix\/journee-nationale-de-larbitrage\/#primaryimage","url":"https:\/\/escrime-paysdaix.fr\/epaaix\/wp-content\/uploads\/2021\/09\/1632068183047.jpg","contentUrl":"https:\/\/escrime-paysdaix.fr\/epaaix\/wp-content\/uploads\/2021\/09\/1632068183047.jpg","width":1249,"height":1560},{"@type":"BreadcrumbList","@id":"https:\/\/escrime-paysdaix.fr\/epaaix\/journee-nationale-de-larbitrage\/#breadcrumb","itemListElement":[{"@type":"ListItem","position":1,"name":"Accueil","item":"https:\/\/escrime-paysdaix.fr\/epaaix\/"},{"@type":"ListItem","position":2,"name":"Journ\u00e9e Nationale de l&#8217;Arbitrage"}]},{"@type":"WebSite","@id":"https:\/\/escrime-paysdaix.fr\/epaaix\/#website","url":"https:\/\/escrime-paysdaix.fr\/epaaix\/","name":"Epa - Escrime Pays d Aix","description":"Club d escrime \u00e0 Aix en Provence. Formation Loisir Comp\u00e9tition","publisher":{"@id":"https:\/\/escrime-paysdaix.fr\/epaaix\/#organization"},"potentialAction":[{"@type":"SearchAction","target":{"@type":"EntryPoint","urlTemplate":"https:\/\/escrime-paysdaix.fr\/epaaix\/?s={search_term_string}"},"query-input":{"@type":"PropertyValueSpecification","valueRequired":true,"valueName":"search_term_string"}}],"inLanguage":"fr-FR"},{"@type":"Organization","@id":"https:\/\/escrime-paysdaix.fr\/epaaix\/#organization","name":"Epa - Escrime Pays d Aix","url":"https:\/\/escrime-paysdaix.fr\/epaaix\/","logo":{"@type":"ImageObject","inLanguage":"fr-FR","@id":"https:\/\/escrime-paysdaix.fr\/epaaix\/#\/schema\/logo\/image\/","url":"https:\/\/escrime-paysdaix.fr\/epaaix\/wp-content\/uploads\/2021\/03\/epa_logo.png","contentUrl":"https:\/\/escrime-paysdaix.fr\/epaaix\/wp-content\/uploads\/2021\/03\/epa_logo.png","width":474,"height":596,"caption":"Epa - Escrime Pays d Aix"},"image":{"@id":"https:\/\/escrime-paysdaix.fr\/epaaix\/#\/schema\/logo\/image\/"},"sameAs":["https:\/\/www.facebook.com\/EscrimePaysDAix","https:\/\/x.com\/Epa_Escrime","https:\/\/www.instagram.com\/escrime_aix","https:\/\/www.youtube.com\/channel\/UC0oH02jUultLPvDckstp_UQ"]},{"@type":"Person","@id":"https:\/\/escrime-paysdaix.fr\/epaaix\/#\/schema\/person\/a07401bcfa68df0c8e9d169e163f83fc","name":"Jean-Matthieu Charpentier","url":"https:\/\/escrime-paysdaix.fr\/epaaix\/author\/jean-matthieucremieux-charpentier-fr\/"}]}},"jetpack_featured_media_url":"","jetpack_sharing_enabled":true,"_links":{"self":[{"href":"https:\/\/escrime-paysdaix.fr\/epaaix\/wp-json\/wp\/v2\/posts\/4213","targetHints":{"allow":["GET"]}}],"collection":[{"href":"https:\/\/escrime-paysdaix.fr\/epaaix\/wp-json\/wp\/v2\/posts"}],"about":[{"href":"https:\/\/escrime-paysdaix.fr\/epaaix\/wp-json\/wp\/v2\/types\/post"}],"author":[{"embeddable":true,"href":"https:\/\/escrime-paysdaix.fr\/epaaix\/wp-json\/wp\/v2\/users\/3"}],"replies":[{"embeddable":true,"href":"https:\/\/escrime-paysdaix.fr\/epaaix\/wp-json\/wp\/v2\/comments?post=4213"}],"version-history":[{"count":0,"href":"https:\/\/escrime-paysdaix.fr\/epaaix\/wp-json\/wp\/v2\/posts\/4213\/revisions"}],"wp:attachment":[{"href":"https:\/\/escrime-paysdaix.fr\/epaaix\/wp-json\/wp\/v2\/media?parent=4213"}],"wp:term":[{"taxonomy":"category","embeddable":true,"href":"https:\/\/escrime-paysdaix.fr\/epaaix\/wp-json\/wp\/v2\/categories?post=4213"},{"taxonomy":"post_tag","embeddable":true,"href":"https:\/\/escrime-paysdaix.fr\/epaaix\/wp-json\/wp\/v2\/tags?post=4213"},{"taxonomy":"agecategorytags","embeddable":true,"href":"https:\/\/escrime-paysdaix.fr\/epaaix\/wp-json\/wp\/v2\/agecategorytags?post=4213"},{"taxonomy":"weaponcategorytags","embeddable":true,"href":"https:\/\/escrime-paysdaix.fr\/epaaix\/wp-json\/wp\/v2\/weaponcategorytags?post=4213"},{"taxonomy":"seasoncategorytags","embeddable":true,"href":"https:\/\/escrime-paysdaix.fr\/epaaix\/wp-json\/wp\/v2\/seasoncategorytags?post=4213"}],"curies":[{"name":"wp","href":"https:\/\/api.w.org\/{rel}","templated":true}]}}