{"id":11767,"date":"2025-10-18T21:17:57","date_gmt":"2025-10-18T21:17:57","guid":{"rendered":"https:\/\/escrime-paysdaix.fr\/epaaix\/?p=11767"},"modified":"2025-10-18T21:26:54","modified_gmt":"2025-10-18T21:26:54","slug":"resultats-des-epreuves-regionales-monteux-et-mandelieu","status":"publish","type":"post","link":"https:\/\/escrime-paysdaix.fr\/epaaix\/resultats-des-epreuves-regionales-monteux-et-mandelieu\/","title":{"rendered":"Resultats des \u00e9preuves r\u00e9gionales Monteux et Mandelieu"},"content":{"rendered":"\t\t<div data-elementor-type=\"wp-post\" data-elementor-id=\"11767\" class=\"elementor elementor-11767\" data-elementor-settings=\"[]\">\n\t\t\t\t\t\t<div class=\"elementor-inner\">\n\t\t\t\t\t\t\t<div class=\"elementor-section-wrap\">\n\t\t\t\t\t\t\t<section class=\"elementor-section elementor-top-section elementor-element elementor-element-abce934 elementor-section-boxed elementor-section-height-default elementor-section-height-default\" data-id=\"abce934\" data-element_type=\"section\">\n\t\t\t\t\t\t<div class=\"elementor-container elementor-column-gap-default\">\n\t\t\t\t\t\t\t<div class=\"elementor-row\">\n\t\t\t\t\t<div class=\"elementor-column elementor-col-100 elementor-top-column elementor-element elementor-element-a3332b7\" data-id=\"a3332b7\" data-element_type=\"column\">\n\t\t\t<div class=\"elementor-column-wrap elementor-element-populated\">\n\t\t\t\t\t\t\t<div class=\"elementor-widget-wrap\">\n\t\t\t\t\t\t<div class=\"elementor-element elementor-element-bc5668a elementor-widget elementor-widget-text-editor\" data-id=\"bc5668a\" data-element_type=\"widget\" data-widget_type=\"text-editor.default\">\n\t\t\t\t<div class=\"elementor-widget-container\">\n\t\t\t\t\t\t\t\t<div class=\"elementor-text-editor elementor-clearfix\">\n\t\t\t\t\t<h2 data-start=\"278\" data-end=\"336\">R\u00e9sultats des \u00e9preuves r\u00e9gionales \u2014 Mandelieu &amp; Monteux<\/h2><p data-start=\"338\" data-end=\"661\">Les tireuses et tireurs de l\u2019Escrime Pays d\u2019Aix ont particip\u00e9 aux \u00e9preuves r\u00e9gionales de Mandelieu et Monteux lors de deux week-ends intenses de comp\u00e9tition.<br data-start=\"495\" data-end=\"498\" \/>Nos repr\u00e9sentants ont une nouvelle fois confirm\u00e9 la qualit\u00e9 de la formation aixoise, avec 3 titres, de nombreux podiums et des places d\u2019honneur dans toutes les cat\u00e9gories.<\/p><h3 data-start=\"668\" data-end=\"683\">\u00a0<\/h3>\t\t\t\t\t<\/div>\n\t\t\t\t\t\t<\/div>\n\t\t\t\t<\/div>\n\t\t\t\t<section class=\"elementor-section elementor-inner-section elementor-element elementor-element-1dc1ca2 elementor-section-boxed elementor-section-height-default elementor-section-height-default\" data-id=\"1dc1ca2\" data-element_type=\"section\">\n\t\t\t\t\t\t<div class=\"elementor-container elementor-column-gap-default\">\n\t\t\t\t\t\t\t<div class=\"elementor-row\">\n\t\t\t\t\t<div class=\"elementor-column elementor-col-50 elementor-inner-column elementor-element elementor-element-6ecf79a\" data-id=\"6ecf79a\" data-element_type=\"column\">\n\t\t\t<div class=\"elementor-column-wrap elementor-element-populated\">\n\t\t\t\t\t\t\t<div class=\"elementor-widget-wrap\">\n\t\t\t\t\t\t<div class=\"elementor-element elementor-element-634b07a elementor-widget elementor-widget-text-editor\" data-id=\"634b07a\" data-element_type=\"widget\" data-widget_type=\"text-editor.default\">\n\t\t\t\t<div class=\"elementor-widget-container\">\n\t\t\t\t\t\t\t\t<div class=\"elementor-text-editor elementor-clearfix\">\n\t\t\t\t\t<h3 data-start=\"668\" data-end=\"683\">M13 Dames<\/h3><p data-start=\"684\" data-end=\"730\"><strong>1\u00e8re \u2014 \u00c9lise Janel<\/strong><br data-start=\"702\" data-end=\"705\" \/><strong>3e \u2014 Ang\u00e9lique Cornuch\u00e9<\/strong><\/p><h3 data-start=\"732\" data-end=\"748\">M13 Hommes<\/h3><p data-start=\"749\" data-end=\"768\"><strong>2e \u2014 Paul Laugier<\/strong><\/p><h3 data-start=\"770\" data-end=\"787\">M15 Gar\u00e7ons<\/h3><p data-start=\"788\" data-end=\"850\"><strong>1er \u2014 C\u00e9sar Negroni<\/strong><br data-start=\"807\" data-end=\"810\" \/><strong>3e \u2014 Paul Leprince<\/strong><br data-start=\"828\" data-end=\"831\" \/>6e \u2014 Arthus Duval<\/p><h3 data-start=\"852\" data-end=\"868\">M15 Filles<\/h3><p data-start=\"869\" data-end=\"949\"><strong>2e \u2014 \u00c9lise Janel<\/strong><br data-start=\"885\" data-end=\"888\" \/><strong>3e ex \u00e6quo \u2014 Alice Villedieu<\/strong><br data-start=\"916\" data-end=\"919\" \/><strong>3e ex \u00e6quo \u2014 Romane Vellieux<\/strong><\/p><h3 data-start=\"951\" data-end=\"966\">M17 Dames<\/h3><p data-start=\"967\" data-end=\"1036\"><strong>1\u00e8re \u2014 Jeanne Latg\u00e9<\/strong><br data-start=\"986\" data-end=\"989\" \/>5e \u2014 Gladys Carabetta<br data-start=\"1010\" data-end=\"1013\" \/>8e \u2014 Elina Marcilloux<\/p><p data-start=\"1055\" data-end=\"1156\">\u00a0<\/p>\t\t\t\t\t<\/div>\n\t\t\t\t\t\t<\/div>\n\t\t\t\t<\/div>\n\t\t\t\t\t\t<\/div>\n\t\t\t\t\t<\/div>\n\t\t<\/div>\n\t\t\t\t<div class=\"elementor-column elementor-col-50 elementor-inner-column elementor-element elementor-element-dcdad15\" data-id=\"dcdad15\" data-element_type=\"column\">\n\t\t\t<div class=\"elementor-column-wrap elementor-element-populated\">\n\t\t\t\t\t\t\t<div class=\"elementor-widget-wrap\">\n\t\t\t\t\t\t<div class=\"elementor-element elementor-element-67a48fb elementor-widget elementor-widget-text-editor\" data-id=\"67a48fb\" data-element_type=\"widget\" data-widget_type=\"text-editor.default\">\n\t\t\t\t<div class=\"elementor-widget-container\">\n\t\t\t\t\t\t\t\t<div class=\"elementor-text-editor elementor-clearfix\">\n\t\t\t\t\t<h3 data-start=\"1038\" data-end=\"1054\">M17 Hommes<\/h3><p data-start=\"1055\" data-end=\"1156\">5e \u2014 Solal Parpeyrat-Fournel<br data-start=\"1083\" data-end=\"1086\" \/>6e \u2014 Cl\u00e9ment Montet<br data-start=\"1105\" data-end=\"1108\" \/>7e \u2014 Paul Leprince<br data-start=\"1126\" data-end=\"1129\" \/>8e \u2014 Math\u00e9o Robin Rimauro<\/p><h3 data-start=\"1158\" data-end=\"1173\">M20 Dames<\/h3><p data-start=\"1174\" data-end=\"1297\"><strong>2e \u2014 Gladys Carabetta<\/strong><br data-start=\"1195\" data-end=\"1198\" \/><strong>3e ex \u00e6quo \u2014 Elina Marcilloux<\/strong><br data-start=\"1227\" data-end=\"1230\" \/><strong>3e ex \u00e6quo \u2014 Jeanne Latg\u00e9<\/strong><br data-start=\"1255\" data-end=\"1258\" \/>7e \u2014 Rose Marambat<br data-start=\"1276\" data-end=\"1279\" \/>8e \u2014 Eva Rassier<\/p><h3 data-start=\"1299\" data-end=\"1315\">M20 Hommes<\/h3><p data-start=\"1316\" data-end=\"1452\"><strong>3e ex \u00e6quo \u2014 Solal Parpeyrat-Fournel<\/strong><br data-start=\"1352\" data-end=\"1355\" \/><strong>3e ex \u00e6quo \u2014 Arlo Barth\u00e9lemy<\/strong><br data-start=\"1383\" data-end=\"1386\" \/>5e \u2014 Elio Rueda-Bouley<br data-start=\"1408\" data-end=\"1411\" \/>7e \u2014 Cl\u00e9ment Montet<br data-start=\"1430\" data-end=\"1433\" \/>8e \u2014 Sasha Crepin<\/p><h3 data-start=\"1454\" data-end=\"1473\">Seniors Dames<\/h3><p data-start=\"1474\" data-end=\"1520\">5e \u2014 Pauline Vincent<br data-start=\"1494\" data-end=\"1497\" \/>7e \u2014 Elina Marcilloux<\/p>\t\t\t\t\t<\/div>\n\t\t\t\t\t\t<\/div>\n\t\t\t\t<\/div>\n\t\t\t\t\t\t<\/div>\n\t\t\t\t\t<\/div>\n\t\t<\/div>\n\t\t\t\t\t\t\t\t<\/div>\n\t\t\t\t\t<\/div>\n\t\t<\/section>\n\t\t\t\t\t\t<\/div>\n\t\t\t\t\t<\/div>\n\t\t<\/div>\n\t\t\t\t\t\t\t\t<\/div>\n\t\t\t\t\t<\/div>\n\t\t<\/section>\n\t\t\t\t<section class=\"elementor-section elementor-top-section elementor-element elementor-element-8b902b4 elementor-section-boxed elementor-section-height-default elementor-section-height-default\" data-id=\"8b902b4\" data-element_type=\"section\">\n\t\t\t\t\t\t<div class=\"elementor-container elementor-column-gap-default\">\n\t\t\t\t\t\t\t<div class=\"elementor-row\">\n\t\t\t\t\t<div class=\"elementor-column elementor-col-100 elementor-top-column elementor-element elementor-element-2602ee2\" data-id=\"2602ee2\" data-element_type=\"column\">\n\t\t\t<div class=\"elementor-column-wrap elementor-element-populated\">\n\t\t\t\t\t\t\t<div class=\"elementor-widget-wrap\">\n\t\t\t\t\t\t<div class=\"elementor-element elementor-element-8db5104 elementor-widget elementor-widget-image-gallery\" data-id=\"8db5104\" data-element_type=\"widget\" data-widget_type=\"image-gallery.default\">\n\t\t\t\t<div class=\"elementor-widget-container\">\n\t\t\t\t\t<div class=\"elementor-image-gallery\">\n\t\t\t<div id='gallery-1' class='gallery galleryid-11767 gallery-columns-4 gallery-size-thumbnail'><figure class='gallery-item'>\n\t\t\t<div class='gallery-icon landscape'>\n\t\t\t\t<a data-elementor-open-lightbox=\"yes\" data-elementor-lightbox-slideshow=\"8db5104\" data-elementor-lightbox-title=\"4\" href='https:\/\/escrime-paysdaix.fr\/epaaix\/wp-content\/uploads\/2025\/10\/4.png'><img loading=\"lazy\" decoding=\"async\" width=\"150\" height=\"150\" src=\"https:\/\/escrime-paysdaix.fr\/epaaix\/wp-content\/uploads\/2025\/10\/4-150x150.png\" class=\"attachment-thumbnail size-thumbnail\" alt=\"\" srcset=\"https:\/\/escrime-paysdaix.fr\/epaaix\/wp-content\/uploads\/2025\/10\/4-150x150.png 150w, https:\/\/escrime-paysdaix.fr\/epaaix\/wp-content\/uploads\/2025\/10\/4-300x300.png 300w, https:\/\/escrime-paysdaix.fr\/epaaix\/wp-content\/uploads\/2025\/10\/4-768x768.png 768w, https:\/\/escrime-paysdaix.fr\/epaaix\/wp-content\/uploads\/2025\/10\/4-1024x1024.png 1024w, https:\/\/escrime-paysdaix.fr\/epaaix\/wp-content\/uploads\/2025\/10\/4-700x700.png 700w, https:\/\/escrime-paysdaix.fr\/epaaix\/wp-content\/uploads\/2025\/10\/4.png 1080w\" sizes=\"auto, (max-width: 150px) 100vw, 150px\" \/><\/a>\n\t\t\t<\/div><\/figure><figure class='gallery-item'>\n\t\t\t<div class='gallery-icon landscape'>\n\t\t\t\t<a data-elementor-open-lightbox=\"yes\" data-elementor-lightbox-slideshow=\"8db5104\" data-elementor-lightbox-title=\"3\" href='https:\/\/escrime-paysdaix.fr\/epaaix\/wp-content\/uploads\/2025\/10\/3.png'><img loading=\"lazy\" decoding=\"async\" width=\"150\" height=\"150\" src=\"https:\/\/escrime-paysdaix.fr\/epaaix\/wp-content\/uploads\/2025\/10\/3-150x150.png\" class=\"attachment-thumbnail size-thumbnail\" alt=\"\" srcset=\"https:\/\/escrime-paysdaix.fr\/epaaix\/wp-content\/uploads\/2025\/10\/3-150x150.png 150w, https:\/\/escrime-paysdaix.fr\/epaaix\/wp-content\/uploads\/2025\/10\/3-300x300.png 300w, https:\/\/escrime-paysdaix.fr\/epaaix\/wp-content\/uploads\/2025\/10\/3-768x768.png 768w, https:\/\/escrime-paysdaix.fr\/epaaix\/wp-content\/uploads\/2025\/10\/3-1024x1024.png 1024w, https:\/\/escrime-paysdaix.fr\/epaaix\/wp-content\/uploads\/2025\/10\/3-700x700.png 700w, https:\/\/escrime-paysdaix.fr\/epaaix\/wp-content\/uploads\/2025\/10\/3.png 1080w\" sizes=\"auto, (max-width: 150px) 100vw, 150px\" \/><\/a>\n\t\t\t<\/div><\/figure><figure class='gallery-item'>\n\t\t\t<div class='gallery-icon landscape'>\n\t\t\t\t<a data-elementor-open-lightbox=\"yes\" data-elementor-lightbox-slideshow=\"8db5104\" data-elementor-lightbox-title=\"2\" href='https:\/\/escrime-paysdaix.fr\/epaaix\/wp-content\/uploads\/2025\/10\/2.png'><img loading=\"lazy\" decoding=\"async\" width=\"150\" height=\"150\" src=\"https:\/\/escrime-paysdaix.fr\/epaaix\/wp-content\/uploads\/2025\/10\/2-150x150.png\" class=\"attachment-thumbnail size-thumbnail\" alt=\"\" srcset=\"https:\/\/escrime-paysdaix.fr\/epaaix\/wp-content\/uploads\/2025\/10\/2-150x150.png 150w, https:\/\/escrime-paysdaix.fr\/epaaix\/wp-content\/uploads\/2025\/10\/2-300x300.png 300w, https:\/\/escrime-paysdaix.fr\/epaaix\/wp-content\/uploads\/2025\/10\/2-768x768.png 768w, https:\/\/escrime-paysdaix.fr\/epaaix\/wp-content\/uploads\/2025\/10\/2-1024x1024.png 1024w, https:\/\/escrime-paysdaix.fr\/epaaix\/wp-content\/uploads\/2025\/10\/2-700x700.png 700w, https:\/\/escrime-paysdaix.fr\/epaaix\/wp-content\/uploads\/2025\/10\/2.png 1080w\" sizes=\"auto, (max-width: 150px) 100vw, 150px\" \/><\/a>\n\t\t\t<\/div><\/figure><figure class='gallery-item'>\n\t\t\t<div class='gallery-icon landscape'>\n\t\t\t\t<a data-elementor-open-lightbox=\"yes\" data-elementor-lightbox-slideshow=\"8db5104\" data-elementor-lightbox-title=\"1\" href='https:\/\/escrime-paysdaix.fr\/epaaix\/wp-content\/uploads\/2025\/10\/1.png'><img loading=\"lazy\" decoding=\"async\" width=\"150\" height=\"150\" src=\"https:\/\/escrime-paysdaix.fr\/epaaix\/wp-content\/uploads\/2025\/10\/1-150x150.png\" class=\"attachment-thumbnail size-thumbnail\" alt=\"\" srcset=\"https:\/\/escrime-paysdaix.fr\/epaaix\/wp-content\/uploads\/2025\/10\/1-150x150.png 150w, https:\/\/escrime-paysdaix.fr\/epaaix\/wp-content\/uploads\/2025\/10\/1-300x300.png 300w, https:\/\/escrime-paysdaix.fr\/epaaix\/wp-content\/uploads\/2025\/10\/1-768x768.png 768w, https:\/\/escrime-paysdaix.fr\/epaaix\/wp-content\/uploads\/2025\/10\/1-1024x1024.png 1024w, https:\/\/escrime-paysdaix.fr\/epaaix\/wp-content\/uploads\/2025\/10\/1-700x700.png 700w, https:\/\/escrime-paysdaix.fr\/epaaix\/wp-content\/uploads\/2025\/10\/1.png 1080w\" sizes=\"auto, (max-width: 150px) 100vw, 150px\" \/><\/a>\n\t\t\t<\/div><\/figure><figure class='gallery-item'>\n\t\t\t<div class='gallery-icon landscape'>\n\t\t\t\t<a data-elementor-open-lightbox=\"yes\" data-elementor-lightbox-slideshow=\"8db5104\" data-elementor-lightbox-title=\"5\" href='https:\/\/escrime-paysdaix.fr\/epaaix\/wp-content\/uploads\/2025\/10\/5.jpg'><img loading=\"lazy\" decoding=\"async\" width=\"150\" height=\"150\" src=\"https:\/\/escrime-paysdaix.fr\/epaaix\/wp-content\/uploads\/2025\/10\/5-150x150.jpg\" class=\"attachment-thumbnail size-thumbnail\" alt=\"\" srcset=\"https:\/\/escrime-paysdaix.fr\/epaaix\/wp-content\/uploads\/2025\/10\/5-150x150.jpg 150w, https:\/\/escrime-paysdaix.fr\/epaaix\/wp-content\/uploads\/2025\/10\/5-300x300.jpg 300w, https:\/\/escrime-paysdaix.fr\/epaaix\/wp-content\/uploads\/2025\/10\/5-768x768.jpg 768w, https:\/\/escrime-paysdaix.fr\/epaaix\/wp-content\/uploads\/2025\/10\/5-1024x1024.jpg 1024w, https:\/\/escrime-paysdaix.fr\/epaaix\/wp-content\/uploads\/2025\/10\/5-700x700.jpg 700w, https:\/\/escrime-paysdaix.fr\/epaaix\/wp-content\/uploads\/2025\/10\/5.jpg 1080w\" sizes=\"auto, (max-width: 150px) 100vw, 150px\" \/><\/a>\n\t\t\t<\/div><\/figure><figure class='gallery-item'>\n\t\t\t<div class='gallery-icon landscape'>\n\t\t\t\t<a data-elementor-open-lightbox=\"yes\" data-elementor-lightbox-slideshow=\"8db5104\" data-elementor-lightbox-title=\"1\" href='https:\/\/escrime-paysdaix.fr\/epaaix\/wp-content\/uploads\/2025\/10\/1.jpg'><img loading=\"lazy\" decoding=\"async\" width=\"150\" height=\"150\" src=\"https:\/\/escrime-paysdaix.fr\/epaaix\/wp-content\/uploads\/2025\/10\/1-150x150.jpg\" class=\"attachment-thumbnail size-thumbnail\" alt=\"\" srcset=\"https:\/\/escrime-paysdaix.fr\/epaaix\/wp-content\/uploads\/2025\/10\/1-150x150.jpg 150w, https:\/\/escrime-paysdaix.fr\/epaaix\/wp-content\/uploads\/2025\/10\/1-300x300.jpg 300w, https:\/\/escrime-paysdaix.fr\/epaaix\/wp-content\/uploads\/2025\/10\/1-768x768.jpg 768w, https:\/\/escrime-paysdaix.fr\/epaaix\/wp-content\/uploads\/2025\/10\/1-1024x1024.jpg 1024w, https:\/\/escrime-paysdaix.fr\/epaaix\/wp-content\/uploads\/2025\/10\/1-700x700.jpg 700w, https:\/\/escrime-paysdaix.fr\/epaaix\/wp-content\/uploads\/2025\/10\/1.jpg 1080w\" sizes=\"auto, (max-width: 150px) 100vw, 150px\" \/><\/a>\n\t\t\t<\/div><\/figure><figure class='gallery-item'>\n\t\t\t<div class='gallery-icon landscape'>\n\t\t\t\t<a data-elementor-open-lightbox=\"yes\" data-elementor-lightbox-slideshow=\"8db5104\" data-elementor-lightbox-title=\"3\" href='https:\/\/escrime-paysdaix.fr\/epaaix\/wp-content\/uploads\/2025\/10\/3.jpg'><img loading=\"lazy\" decoding=\"async\" width=\"150\" height=\"150\" src=\"https:\/\/escrime-paysdaix.fr\/epaaix\/wp-content\/uploads\/2025\/10\/3-150x150.jpg\" class=\"attachment-thumbnail size-thumbnail\" alt=\"\" srcset=\"https:\/\/escrime-paysdaix.fr\/epaaix\/wp-content\/uploads\/2025\/10\/3-150x150.jpg 150w, https:\/\/escrime-paysdaix.fr\/epaaix\/wp-content\/uploads\/2025\/10\/3-300x300.jpg 300w, https:\/\/escrime-paysdaix.fr\/epaaix\/wp-content\/uploads\/2025\/10\/3-768x768.jpg 768w, https:\/\/escrime-paysdaix.fr\/epaaix\/wp-content\/uploads\/2025\/10\/3-1024x1024.jpg 1024w, https:\/\/escrime-paysdaix.fr\/epaaix\/wp-content\/uploads\/2025\/10\/3-700x700.jpg 700w, https:\/\/escrime-paysdaix.fr\/epaaix\/wp-content\/uploads\/2025\/10\/3.jpg 1080w\" sizes=\"auto, (max-width: 150px) 100vw, 150px\" \/><\/a>\n\t\t\t<\/div><\/figure><figure class='gallery-item'>\n\t\t\t<div class='gallery-icon landscape'>\n\t\t\t\t<a data-elementor-open-lightbox=\"yes\" data-elementor-lightbox-slideshow=\"8db5104\" data-elementor-lightbox-title=\"4\" href='https:\/\/escrime-paysdaix.fr\/epaaix\/wp-content\/uploads\/2025\/10\/4.jpg'><img loading=\"lazy\" decoding=\"async\" width=\"150\" height=\"150\" src=\"https:\/\/escrime-paysdaix.fr\/epaaix\/wp-content\/uploads\/2025\/10\/4-150x150.jpg\" class=\"attachment-thumbnail size-thumbnail\" alt=\"\" srcset=\"https:\/\/escrime-paysdaix.fr\/epaaix\/wp-content\/uploads\/2025\/10\/4-150x150.jpg 150w, https:\/\/escrime-paysdaix.fr\/epaaix\/wp-content\/uploads\/2025\/10\/4-300x300.jpg 300w, https:\/\/escrime-paysdaix.fr\/epaaix\/wp-content\/uploads\/2025\/10\/4-768x768.jpg 768w, https:\/\/escrime-paysdaix.fr\/epaaix\/wp-content\/uploads\/2025\/10\/4-1024x1024.jpg 1024w, https:\/\/escrime-paysdaix.fr\/epaaix\/wp-content\/uploads\/2025\/10\/4-700x700.jpg 700w, https:\/\/escrime-paysdaix.fr\/epaaix\/wp-content\/uploads\/2025\/10\/4.jpg 1080w\" sizes=\"auto, (max-width: 150px) 100vw, 150px\" \/><\/a>\n\t\t\t<\/div><\/figure>\n\t\t<\/div>\n\t\t<\/div>\n\t\t\t\t<\/div>\n\t\t\t\t<\/div>\n\t\t\t\t\t\t<\/div>\n\t\t\t\t\t<\/div>\n\t\t<\/div>\n\t\t\t\t\t\t\t\t<\/div>\n\t\t\t\t\t<\/div>\n\t\t<\/section>\n\t\t\t\t\t\t<\/div>\n\t\t\t\t\t\t<\/div>\n\t\t\t\t\t<\/div>\n\t\t","protected":false},"excerpt":{"rendered":"<p>R\u00e9sultats des \u00e9preuves r\u00e9gionales \u2014 Mandelieu &amp; Monteux Les tireuses et tireurs de l\u2019Escrime Pays d\u2019Aix ont particip\u00e9 aux \u00e9preuves r\u00e9gionales de Mandelieu et Monteux lors de deux week-ends intenses de comp\u00e9tition.Nos repr\u00e9sentants ont une nouvelle fois confirm\u00e9 la qualit\u00e9 de la formation aixoise, avec 3 titres, de nombreux podiums et des places d\u2019honneur dans [&hellip;]<\/p>\n","protected":false},"author":7,"featured_media":11773,"comment_status":"closed","ping_status":"closed","sticky":false,"template":"","format":"standard","meta":{"_eb_attr":"","_jetpack_memberships_contains_paid_content":false,"footnotes":""},"categories":[32,1],"tags":[],"agecategorytags":[38,35,36,37,39],"weaponcategorytags":[45],"seasoncategorytags":[102],"class_list":["post-11767","post","type-post","status-publish","format-standard","has-post-thumbnail","hentry","category-news","category-uncategorized","agecategorytags-junior","agecategorytags-m13","agecategorytags-m15","agecategorytags-m17","agecategorytags-senior","weaponcategorytags-fleuret","seasoncategorytags-2025-2026"],"yoast_head":"<!-- This site is optimized with the Yoast SEO plugin v23.4 - https:\/\/yoast.com\/wordpress\/plugins\/seo\/ -->\n<title>Resultats des \u00e9preuves r\u00e9gionales Monteux et Mandelieu - Epa - Escrime Pays d Aix<\/title>\n<meta name=\"description\" content=\"Deux r\u00e9gionaux tr\u00e8s positifs pour l\u2019Escrime Pays d\u2019Aix, marqu\u00e9s par des victoires, plusieurs podiums et de nombreuses places dans le Top 8.\" \/>\n<meta name=\"robots\" content=\"index, follow, max-snippet:-1, max-image-preview:large, max-video-preview:-1\" \/>\n<link rel=\"canonical\" href=\"https:\/\/escrime-paysdaix.fr\/epaaix\/resultats-des-epreuves-regionales-monteux-et-mandelieu\/\" \/>\n<meta property=\"og:locale\" content=\"fr_FR\" \/>\n<meta property=\"og:type\" content=\"article\" \/>\n<meta property=\"og:title\" content=\"Resultats des \u00e9preuves r\u00e9gionales Monteux et Mandelieu - Epa - Escrime Pays d Aix\" \/>\n<meta property=\"og:description\" content=\"Deux r\u00e9gionaux tr\u00e8s positifs pour l\u2019Escrime Pays d\u2019Aix, marqu\u00e9s par des victoires, plusieurs podiums et de nombreuses places dans le Top 8.\" \/>\n<meta property=\"og:url\" content=\"https:\/\/escrime-paysdaix.fr\/epaaix\/resultats-des-epreuves-regionales-monteux-et-mandelieu\/\" \/>\n<meta property=\"og:site_name\" content=\"Epa - Escrime Pays d Aix\" \/>\n<meta property=\"article:publisher\" content=\"https:\/\/www.facebook.com\/EscrimePaysDAix\" \/>\n<meta property=\"article:published_time\" content=\"2025-10-18T21:17:57+00:00\" \/>\n<meta property=\"article:modified_time\" content=\"2025-10-18T21:26:54+00:00\" \/>\n<meta property=\"og:image\" content=\"https:\/\/escrime-paysdaix.fr\/epaaix\/wp-content\/uploads\/2025\/10\/1.png\" \/>\n\t<meta property=\"og:image:width\" content=\"1080\" \/>\n\t<meta property=\"og:image:height\" content=\"1080\" \/>\n\t<meta property=\"og:image:type\" content=\"image\/png\" \/>\n<meta name=\"author\" content=\"Fr\u00e9d\u00e9ric Negroni\" \/>\n<meta name=\"twitter:card\" content=\"summary_large_image\" \/>\n<meta name=\"twitter:creator\" content=\"@Epa_Escrime\" \/>\n<meta name=\"twitter:site\" content=\"@Epa_Escrime\" \/>\n<meta name=\"twitter:label1\" content=\"\u00c9crit par\" \/>\n\t<meta name=\"twitter:data1\" content=\"Fr\u00e9d\u00e9ric Negroni\" \/>\n\t<meta name=\"twitter:label2\" content=\"Dur\u00e9e de lecture estim\u00e9e\" \/>\n\t<meta name=\"twitter:data2\" content=\"3 minutes\" \/>\n<script type=\"application\/ld+json\" class=\"yoast-schema-graph\">{\"@context\":\"https:\/\/schema.org\",\"@graph\":[{\"@type\":\"Article\",\"@id\":\"https:\/\/escrime-paysdaix.fr\/epaaix\/resultats-des-epreuves-regionales-monteux-et-mandelieu\/#article\",\"isPartOf\":{\"@id\":\"https:\/\/escrime-paysdaix.fr\/epaaix\/resultats-des-epreuves-regionales-monteux-et-mandelieu\/\"},\"author\":{\"name\":\"Fr\u00e9d\u00e9ric Negroni\",\"@id\":\"https:\/\/escrime-paysdaix.fr\/epaaix\/#\/schema\/person\/cc3d542e60a4ab92a27db856b86df394\"},\"headline\":\"Resultats des \u00e9preuves r\u00e9gionales Monteux et Mandelieu\",\"datePublished\":\"2025-10-18T21:17:57+00:00\",\"dateModified\":\"2025-10-18T21:26:54+00:00\",\"mainEntityOfPage\":{\"@id\":\"https:\/\/escrime-paysdaix.fr\/epaaix\/resultats-des-epreuves-regionales-monteux-et-mandelieu\/\"},\"wordCount\":196,\"publisher\":{\"@id\":\"https:\/\/escrime-paysdaix.fr\/epaaix\/#organization\"},\"image\":{\"@id\":\"https:\/\/escrime-paysdaix.fr\/epaaix\/resultats-des-epreuves-regionales-monteux-et-mandelieu\/#primaryimage\"},\"thumbnailUrl\":\"https:\/\/escrime-paysdaix.fr\/epaaix\/wp-content\/uploads\/2025\/10\/1.png\",\"articleSection\":[\"Actu\",\"Uncategorized\"],\"inLanguage\":\"fr-FR\"},{\"@type\":\"WebPage\",\"@id\":\"https:\/\/escrime-paysdaix.fr\/epaaix\/resultats-des-epreuves-regionales-monteux-et-mandelieu\/\",\"url\":\"https:\/\/escrime-paysdaix.fr\/epaaix\/resultats-des-epreuves-regionales-monteux-et-mandelieu\/\",\"name\":\"Resultats des \u00e9preuves r\u00e9gionales Monteux et Mandelieu - Epa - Escrime Pays d Aix\",\"isPartOf\":{\"@id\":\"https:\/\/escrime-paysdaix.fr\/epaaix\/#website\"},\"primaryImageOfPage\":{\"@id\":\"https:\/\/escrime-paysdaix.fr\/epaaix\/resultats-des-epreuves-regionales-monteux-et-mandelieu\/#primaryimage\"},\"image\":{\"@id\":\"https:\/\/escrime-paysdaix.fr\/epaaix\/resultats-des-epreuves-regionales-monteux-et-mandelieu\/#primaryimage\"},\"thumbnailUrl\":\"https:\/\/escrime-paysdaix.fr\/epaaix\/wp-content\/uploads\/2025\/10\/1.png\",\"datePublished\":\"2025-10-18T21:17:57+00:00\",\"dateModified\":\"2025-10-18T21:26:54+00:00\",\"description\":\"Deux r\u00e9gionaux tr\u00e8s positifs pour l\u2019Escrime Pays d\u2019Aix, marqu\u00e9s par des victoires, plusieurs podiums et de nombreuses places dans le Top 8.\",\"breadcrumb\":{\"@id\":\"https:\/\/escrime-paysdaix.fr\/epaaix\/resultats-des-epreuves-regionales-monteux-et-mandelieu\/#breadcrumb\"},\"inLanguage\":\"fr-FR\",\"potentialAction\":[{\"@type\":\"ReadAction\",\"target\":[\"https:\/\/escrime-paysdaix.fr\/epaaix\/resultats-des-epreuves-regionales-monteux-et-mandelieu\/\"]}]},{\"@type\":\"ImageObject\",\"inLanguage\":\"fr-FR\",\"@id\":\"https:\/\/escrime-paysdaix.fr\/epaaix\/resultats-des-epreuves-regionales-monteux-et-mandelieu\/#primaryimage\",\"url\":\"https:\/\/escrime-paysdaix.fr\/epaaix\/wp-content\/uploads\/2025\/10\/1.png\",\"contentUrl\":\"https:\/\/escrime-paysdaix.fr\/epaaix\/wp-content\/uploads\/2025\/10\/1.png\",\"width\":1080,\"height\":1080},{\"@type\":\"BreadcrumbList\",\"@id\":\"https:\/\/escrime-paysdaix.fr\/epaaix\/resultats-des-epreuves-regionales-monteux-et-mandelieu\/#breadcrumb\",\"itemListElement\":[{\"@type\":\"ListItem\",\"position\":1,\"name\":\"Accueil\",\"item\":\"https:\/\/escrime-paysdaix.fr\/epaaix\/\"},{\"@type\":\"ListItem\",\"position\":2,\"name\":\"Resultats des \u00e9preuves r\u00e9gionales Monteux et Mandelieu\"}]},{\"@type\":\"WebSite\",\"@id\":\"https:\/\/escrime-paysdaix.fr\/epaaix\/#website\",\"url\":\"https:\/\/escrime-paysdaix.fr\/epaaix\/\",\"name\":\"Epa - Escrime Pays d Aix\",\"description\":\"Club d escrime \u00e0 Aix en Provence. Formation Loisir Comp\u00e9tition\",\"publisher\":{\"@id\":\"https:\/\/escrime-paysdaix.fr\/epaaix\/#organization\"},\"potentialAction\":[{\"@type\":\"SearchAction\",\"target\":{\"@type\":\"EntryPoint\",\"urlTemplate\":\"https:\/\/escrime-paysdaix.fr\/epaaix\/?s={search_term_string}\"},\"query-input\":{\"@type\":\"PropertyValueSpecification\",\"valueRequired\":true,\"valueName\":\"search_term_string\"}}],\"inLanguage\":\"fr-FR\"},{\"@type\":\"Organization\",\"@id\":\"https:\/\/escrime-paysdaix.fr\/epaaix\/#organization\",\"name\":\"Epa - Escrime Pays d Aix\",\"url\":\"https:\/\/escrime-paysdaix.fr\/epaaix\/\",\"logo\":{\"@type\":\"ImageObject\",\"inLanguage\":\"fr-FR\",\"@id\":\"https:\/\/escrime-paysdaix.fr\/epaaix\/#\/schema\/logo\/image\/\",\"url\":\"https:\/\/escrime-paysdaix.fr\/epaaix\/wp-content\/uploads\/2021\/03\/epa_logo.png\",\"contentUrl\":\"https:\/\/escrime-paysdaix.fr\/epaaix\/wp-content\/uploads\/2021\/03\/epa_logo.png\",\"width\":474,\"height\":596,\"caption\":\"Epa - Escrime Pays d Aix\"},\"image\":{\"@id\":\"https:\/\/escrime-paysdaix.fr\/epaaix\/#\/schema\/logo\/image\/\"},\"sameAs\":[\"https:\/\/www.facebook.com\/EscrimePaysDAix\",\"https:\/\/x.com\/Epa_Escrime\",\"https:\/\/www.instagram.com\/escrime_aix\",\"https:\/\/www.youtube.com\/channel\/UC0oH02jUultLPvDckstp_UQ\"]},{\"@type\":\"Person\",\"@id\":\"https:\/\/escrime-paysdaix.fr\/epaaix\/#\/schema\/person\/cc3d542e60a4ab92a27db856b86df394\",\"name\":\"Fr\u00e9d\u00e9ric Negroni\",\"url\":\"https:\/\/escrime-paysdaix.fr\/epaaix\/author\/fredn\/\"}]}<\/script>\n<!-- \/ Yoast SEO plugin. -->","yoast_head_json":{"title":"Resultats des \u00e9preuves r\u00e9gionales Monteux et Mandelieu - Epa - Escrime Pays d Aix","description":"Deux r\u00e9gionaux tr\u00e8s positifs pour l\u2019Escrime Pays d\u2019Aix, marqu\u00e9s par des victoires, plusieurs podiums et de nombreuses places dans le Top 8.","robots":{"index":"index","follow":"follow","max-snippet":"max-snippet:-1","max-image-preview":"max-image-preview:large","max-video-preview":"max-video-preview:-1"},"canonical":"https:\/\/escrime-paysdaix.fr\/epaaix\/resultats-des-epreuves-regionales-monteux-et-mandelieu\/","og_locale":"fr_FR","og_type":"article","og_title":"Resultats des \u00e9preuves r\u00e9gionales Monteux et Mandelieu - Epa - Escrime Pays d Aix","og_description":"Deux r\u00e9gionaux tr\u00e8s positifs pour l\u2019Escrime Pays d\u2019Aix, marqu\u00e9s par des victoires, plusieurs podiums et de nombreuses places dans le Top 8.","og_url":"https:\/\/escrime-paysdaix.fr\/epaaix\/resultats-des-epreuves-regionales-monteux-et-mandelieu\/","og_site_name":"Epa - Escrime Pays d Aix","article_publisher":"https:\/\/www.facebook.com\/EscrimePaysDAix","article_published_time":"2025-10-18T21:17:57+00:00","article_modified_time":"2025-10-18T21:26:54+00:00","og_image":[{"width":1080,"height":1080,"url":"https:\/\/escrime-paysdaix.fr\/epaaix\/wp-content\/uploads\/2025\/10\/1.png","type":"image\/png"}],"author":"Fr\u00e9d\u00e9ric Negroni","twitter_card":"summary_large_image","twitter_creator":"@Epa_Escrime","twitter_site":"@Epa_Escrime","twitter_misc":{"\u00c9crit par":"Fr\u00e9d\u00e9ric Negroni","Dur\u00e9e de lecture estim\u00e9e":"3 minutes"},"schema":{"@context":"https:\/\/schema.org","@graph":[{"@type":"Article","@id":"https:\/\/escrime-paysdaix.fr\/epaaix\/resultats-des-epreuves-regionales-monteux-et-mandelieu\/#article","isPartOf":{"@id":"https:\/\/escrime-paysdaix.fr\/epaaix\/resultats-des-epreuves-regionales-monteux-et-mandelieu\/"},"author":{"name":"Fr\u00e9d\u00e9ric Negroni","@id":"https:\/\/escrime-paysdaix.fr\/epaaix\/#\/schema\/person\/cc3d542e60a4ab92a27db856b86df394"},"headline":"Resultats des \u00e9preuves r\u00e9gionales Monteux et Mandelieu","datePublished":"2025-10-18T21:17:57+00:00","dateModified":"2025-10-18T21:26:54+00:00","mainEntityOfPage":{"@id":"https:\/\/escrime-paysdaix.fr\/epaaix\/resultats-des-epreuves-regionales-monteux-et-mandelieu\/"},"wordCount":196,"publisher":{"@id":"https:\/\/escrime-paysdaix.fr\/epaaix\/#organization"},"image":{"@id":"https:\/\/escrime-paysdaix.fr\/epaaix\/resultats-des-epreuves-regionales-monteux-et-mandelieu\/#primaryimage"},"thumbnailUrl":"https:\/\/escrime-paysdaix.fr\/epaaix\/wp-content\/uploads\/2025\/10\/1.png","articleSection":["Actu","Uncategorized"],"inLanguage":"fr-FR"},{"@type":"WebPage","@id":"https:\/\/escrime-paysdaix.fr\/epaaix\/resultats-des-epreuves-regionales-monteux-et-mandelieu\/","url":"https:\/\/escrime-paysdaix.fr\/epaaix\/resultats-des-epreuves-regionales-monteux-et-mandelieu\/","name":"Resultats des \u00e9preuves r\u00e9gionales Monteux et Mandelieu - Epa - Escrime Pays d Aix","isPartOf":{"@id":"https:\/\/escrime-paysdaix.fr\/epaaix\/#website"},"primaryImageOfPage":{"@id":"https:\/\/escrime-paysdaix.fr\/epaaix\/resultats-des-epreuves-regionales-monteux-et-mandelieu\/#primaryimage"},"image":{"@id":"https:\/\/escrime-paysdaix.fr\/epaaix\/resultats-des-epreuves-regionales-monteux-et-mandelieu\/#primaryimage"},"thumbnailUrl":"https:\/\/escrime-paysdaix.fr\/epaaix\/wp-content\/uploads\/2025\/10\/1.png","datePublished":"2025-10-18T21:17:57+00:00","dateModified":"2025-10-18T21:26:54+00:00","description":"Deux r\u00e9gionaux tr\u00e8s positifs pour l\u2019Escrime Pays d\u2019Aix, marqu\u00e9s par des victoires, plusieurs podiums et de nombreuses places dans le Top 8.","breadcrumb":{"@id":"https:\/\/escrime-paysdaix.fr\/epaaix\/resultats-des-epreuves-regionales-monteux-et-mandelieu\/#breadcrumb"},"inLanguage":"fr-FR","potentialAction":[{"@type":"ReadAction","target":["https:\/\/escrime-paysdaix.fr\/epaaix\/resultats-des-epreuves-regionales-monteux-et-mandelieu\/"]}]},{"@type":"ImageObject","inLanguage":"fr-FR","@id":"https:\/\/escrime-paysdaix.fr\/epaaix\/resultats-des-epreuves-regionales-monteux-et-mandelieu\/#primaryimage","url":"https:\/\/escrime-paysdaix.fr\/epaaix\/wp-content\/uploads\/2025\/10\/1.png","contentUrl":"https:\/\/escrime-paysdaix.fr\/epaaix\/wp-content\/uploads\/2025\/10\/1.png","width":1080,"height":1080},{"@type":"BreadcrumbList","@id":"https:\/\/escrime-paysdaix.fr\/epaaix\/resultats-des-epreuves-regionales-monteux-et-mandelieu\/#breadcrumb","itemListElement":[{"@type":"ListItem","position":1,"name":"Accueil","item":"https:\/\/escrime-paysdaix.fr\/epaaix\/"},{"@type":"ListItem","position":2,"name":"Resultats des \u00e9preuves r\u00e9gionales Monteux et Mandelieu"}]},{"@type":"WebSite","@id":"https:\/\/escrime-paysdaix.fr\/epaaix\/#website","url":"https:\/\/escrime-paysdaix.fr\/epaaix\/","name":"Epa - Escrime Pays d Aix","description":"Club d escrime \u00e0 Aix en Provence. Formation Loisir Comp\u00e9tition","publisher":{"@id":"https:\/\/escrime-paysdaix.fr\/epaaix\/#organization"},"potentialAction":[{"@type":"SearchAction","target":{"@type":"EntryPoint","urlTemplate":"https:\/\/escrime-paysdaix.fr\/epaaix\/?s={search_term_string}"},"query-input":{"@type":"PropertyValueSpecification","valueRequired":true,"valueName":"search_term_string"}}],"inLanguage":"fr-FR"},{"@type":"Organization","@id":"https:\/\/escrime-paysdaix.fr\/epaaix\/#organization","name":"Epa - Escrime Pays d Aix","url":"https:\/\/escrime-paysdaix.fr\/epaaix\/","logo":{"@type":"ImageObject","inLanguage":"fr-FR","@id":"https:\/\/escrime-paysdaix.fr\/epaaix\/#\/schema\/logo\/image\/","url":"https:\/\/escrime-paysdaix.fr\/epaaix\/wp-content\/uploads\/2021\/03\/epa_logo.png","contentUrl":"https:\/\/escrime-paysdaix.fr\/epaaix\/wp-content\/uploads\/2021\/03\/epa_logo.png","width":474,"height":596,"caption":"Epa - Escrime Pays d Aix"},"image":{"@id":"https:\/\/escrime-paysdaix.fr\/epaaix\/#\/schema\/logo\/image\/"},"sameAs":["https:\/\/www.facebook.com\/EscrimePaysDAix","https:\/\/x.com\/Epa_Escrime","https:\/\/www.instagram.com\/escrime_aix","https:\/\/www.youtube.com\/channel\/UC0oH02jUultLPvDckstp_UQ"]},{"@type":"Person","@id":"https:\/\/escrime-paysdaix.fr\/epaaix\/#\/schema\/person\/cc3d542e60a4ab92a27db856b86df394","name":"Fr\u00e9d\u00e9ric Negroni","url":"https:\/\/escrime-paysdaix.fr\/epaaix\/author\/fredn\/"}]}},"jetpack_featured_media_url":"https:\/\/escrime-paysdaix.fr\/epaaix\/wp-content\/uploads\/2025\/10\/1.png","jetpack_sharing_enabled":true,"_links":{"self":[{"href":"https:\/\/escrime-paysdaix.fr\/epaaix\/wp-json\/wp\/v2\/posts\/11767","targetHints":{"allow":["GET"]}}],"collection":[{"href":"https:\/\/escrime-paysdaix.fr\/epaaix\/wp-json\/wp\/v2\/posts"}],"about":[{"href":"https:\/\/escrime-paysdaix.fr\/epaaix\/wp-json\/wp\/v2\/types\/post"}],"author":[{"embeddable":true,"href":"https:\/\/escrime-paysdaix.fr\/epaaix\/wp-json\/wp\/v2\/users\/7"}],"replies":[{"embeddable":true,"href":"https:\/\/escrime-paysdaix.fr\/epaaix\/wp-json\/wp\/v2\/comments?post=11767"}],"version-history":[{"count":5,"href":"https:\/\/escrime-paysdaix.fr\/epaaix\/wp-json\/wp\/v2\/posts\/11767\/revisions"}],"predecessor-version":[{"id":11781,"href":"https:\/\/escrime-paysdaix.fr\/epaaix\/wp-json\/wp\/v2\/posts\/11767\/revisions\/11781"}],"wp:featuredmedia":[{"embeddable":true,"href":"https:\/\/escrime-paysdaix.fr\/epaaix\/wp-json\/wp\/v2\/media\/11773"}],"wp:attachment":[{"href":"https:\/\/escrime-paysdaix.fr\/epaaix\/wp-json\/wp\/v2\/media?parent=11767"}],"wp:term":[{"taxonomy":"category","embeddable":true,"href":"https:\/\/escrime-paysdaix.fr\/epaaix\/wp-json\/wp\/v2\/categories?post=11767"},{"taxonomy":"post_tag","embeddable":true,"href":"https:\/\/escrime-paysdaix.fr\/epaaix\/wp-json\/wp\/v2\/tags?post=11767"},{"taxonomy":"agecategorytags","embeddable":true,"href":"https:\/\/escrime-paysdaix.fr\/epaaix\/wp-json\/wp\/v2\/agecategorytags?post=11767"},{"taxonomy":"weaponcategorytags","embeddable":true,"href":"https:\/\/escrime-paysdaix.fr\/epaaix\/wp-json\/wp\/v2\/weaponcategorytags?post=11767"},{"taxonomy":"seasoncategorytags","embeddable":true,"href":"https:\/\/escrime-paysdaix.fr\/epaaix\/wp-json\/wp\/v2\/seasoncategorytags?post=11767"}],"curies":[{"name":"wp","href":"https:\/\/api.w.org\/{rel}","templated":true}]}}