{"id":10130,"date":"2024-12-06T08:15:38","date_gmt":"2024-12-06T08:15:38","guid":{"rendered":"https:\/\/escrime-paysdaix.fr\/epaaix\/?p=10130"},"modified":"2024-12-06T10:34:01","modified_gmt":"2024-12-06T10:34:01","slug":"guide-competition-m13-m15-fete-des-jeunes","status":"publish","type":"post","link":"https:\/\/escrime-paysdaix.fr\/epaaix\/guide-competition-m13-m15-fete-des-jeunes\/","title":{"rendered":"Guide Comp\u00e9tition M13"},"content":{"rendered":"\t\t<div data-elementor-type=\"wp-post\" data-elementor-id=\"10130\" class=\"elementor elementor-10130\" data-elementor-settings=\"[]\">\n\t\t\t\t\t\t<div class=\"elementor-inner\">\n\t\t\t\t\t\t\t<div class=\"elementor-section-wrap\">\n\t\t\t\t\t\t\t<section class=\"elementor-section elementor-top-section elementor-element elementor-element-8988d0d elementor-section-boxed elementor-section-height-default elementor-section-height-default\" data-id=\"8988d0d\" data-element_type=\"section\">\n\t\t\t\t\t\t<div class=\"elementor-container elementor-column-gap-default\">\n\t\t\t\t\t\t\t<div class=\"elementor-row\">\n\t\t\t\t\t<div class=\"elementor-column elementor-col-100 elementor-top-column elementor-element elementor-element-8c7cb9f\" data-id=\"8c7cb9f\" data-element_type=\"column\">\n\t\t\t<div class=\"elementor-column-wrap elementor-element-populated\">\n\t\t\t\t\t\t\t<div class=\"elementor-widget-wrap\">\n\t\t\t\t\t\t<div class=\"elementor-element elementor-element-07b99a0 elementor-widget elementor-widget-text-editor\" data-id=\"07b99a0\" data-element_type=\"widget\" data-widget_type=\"text-editor.default\">\n\t\t\t\t<div class=\"elementor-widget-container\">\n\t\t\t\t\t\t\t\t<div class=\"elementor-text-editor elementor-clearfix\">\n\t\t\t\t\t<h1 class=\"western\">Cat\u00e9gorie M13<\/h1><p><span style=\"font-size: medium;\">Pour la saison 2024\/2025, cela correspond aux enfants n\u00e9s en 2012 et 2013.<\/span><\/p><p><span style=\"font-size: medium;\">Pour participer aux comp\u00e9titions, la veste et les chaussettes du club sont obligatoires<\/span>.<\/p><h2 class=\"western\">Animations d\u00e9partementales<\/h2><p class=\"western\" align=\"JUSTIFY\"><strong><span style=\"font-family: Calibri, serif;\"><span style=\"font-size: medium;\">Ces comp\u00e9titions ont pour objectif d\u2019initier les jeunes escrimeurs \u00e0 l\u2019univers de la comp\u00e9tition et de leur permettre de rencontrer des pratiquants de leur \u00e2ge issus des autres clubs du d\u00e9partement.<\/span><\/span><\/strong><\/p><p><span style=\"font-family: Times New Roman, serif;\"><span style=\"font-size: large;\"><b><span style=\"font-family: Calibri, serif;\"><span style=\"font-size: medium;\">Encadrement <\/span><\/span><\/b><\/span><\/span><span style=\"font-size: medium;\"><b>:<\/b><\/span><span style=\"font-size: medium;\"> Les enfants sont encadr\u00e9s sur place par un ma\u00eetre d\u2019armes du club.<\/span><\/p><h3 class=\"western\"><span style=\"font-family: Calibri, serif;\"><span style=\"font-size: medium;\">Inscription :<\/span><\/span><\/h3><ul><li><p><span style=\"font-size: medium;\">Les inscriptions se font directement au club, via le tableau d\u2019affichage dans la salle.<\/span><\/p><\/li><li><p><span style=\"font-size: medium;\">Les parents doivent confirmer l\u2019inscription sur place le jour de la comp\u00e9tition en r\u00e9glant les frais d\u2019engagement (entre 10 et 12 \u20ac) aupr\u00e8s de l\u2019organisation.<\/span><\/p><\/li><\/ul><h3 class=\"western\"><span style=\"font-family: Calibri, serif;\"><span style=\"font-size: medium;\">Logistique :<\/span><\/span><\/h3><ul><li><p><span style=\"font-size: medium;\">Les parents sont responsables du transport des enfants jusqu\u2019au lieu de la comp\u00e9tition.<\/span><\/p><\/li><li><p><span style=\"font-size: medium;\">Il est conseill\u00e9 d\u2019arriver une heure avant le d\u00e9but de la comp\u00e9tition.<\/span><\/p><\/li><\/ul><p><span style=\"font-family: Times New Roman, serif;\"><span style=\"font-size: large;\"><b><span style=\"font-family: Calibri, serif;\"><span style=\"font-size: medium;\">Accessibilit\u00e9<\/span><\/span><\/b><\/span><\/span><span style=\"font-size: medium;\"><b> :<\/b><\/span><span style=\"font-size: medium;\"> Ces comp\u00e9titions sont <\/span><span style=\"font-size: medium;\"><b>open<\/b><\/span><span style=\"font-size: medium;\">, ouvertes \u00e0 tous. Les participants peuvent choisir de s\u2019inscrire \u00e0 une ou plusieurs \u00e9preuves.<\/span><\/p><h3 class=\"western\"><span style=\"font-family: Calibri, serif;\"><span style=\"font-size: medium;\">Calendrier de la saison :<\/span><\/span><\/h3><ul><li><p><span style=\"font-size: medium;\"><b>25 ou 26 janvier 2025<\/b><\/span><span style=\"font-size: medium;\"> \u00e0 Marseille : \u00e9preuve d\u00e9partementale<\/span><\/p><\/li><li><p><span style=\"font-size: medium;\"><b>8 ou 9 mars 2025<\/b><\/span><span style=\"font-size: medium;\"> \u00e0 Arles : \u00e9preuve d\u00e9partementale<\/span><\/p><\/li><li><p><span style=\"font-size: medium;\"><b>17 ou 18 mai 2025<\/b><\/span><span style=\"font-size: medium;\"> \u00e0 Aubagne : \u00e9preuve d\u00e9partementale<\/span><\/p><\/li><li><p><span style=\"font-size: medium;\"><b>7 ou 8 juin 2025<\/b><\/span><span style=\"font-size: medium;\"> (lieu \u00e0 d\u00e9terminer) : <\/span><span style=\"font-size: medium;\"><b>championnats d\u00e9partementaux<\/b><\/span><\/p><\/li><\/ul><p><span style=\"font-size: medium;\">Ces comp\u00e9titions ne sont pas mixtes, et un <\/span><span style=\"font-size: medium;\">titre de champion d\u00e9partemental<\/span><span style=\"font-size: medium;\"> sera d\u00e9cern\u00e9 lors des championnats d\u00e9partementaux.<\/span><\/p><h2 class=\"western\">Comp\u00e9tition r\u00e9gionale par \u00e9quipe (sous r\u00e9serve que la formule soit confirm\u00e9e)<\/h2><p><span style=\"font-size: medium;\">Cette comp\u00e9tition est open par \u00e9quipe de deux escrimeurs du m\u00eame sexe. Elle se d\u00e9roulera \u00e0 Dignes le 1<\/span><sup><span style=\"font-size: medium;\">er<\/span><\/sup><span style=\"font-size: medium;\"> ou 2 mars.<\/span><\/p><p><span style=\"font-family: Times New Roman, serif;\"><span style=\"font-size: large;\"><b><span style=\"font-family: Calibri, serif;\"><span style=\"font-size: medium;\">Encadrement <\/span><\/span><\/b><\/span><\/span><span style=\"font-size: medium;\"><b>:<\/b><\/span><span style=\"font-size: medium;\"> Les enfants sont encadr\u00e9s sur place par un ma\u00eetre d\u2019armes du club.<\/span><\/p><h3 class=\"western\"><span style=\"font-family: Calibri, serif;\"><span style=\"font-size: medium;\">Inscription :<\/span><\/span><\/h3><ul><li><p><span style=\"font-size: medium;\">Les inscriptions se font directement au club, via le tableau d\u2019affichage dans la salle.<\/span><\/p><\/li><li><p><span style=\"font-size: medium;\">Les parents doivent confirmer l\u2019inscription sur place le jour de la comp\u00e9tition en r\u00e9glant les frais d\u2019engagement (12 \u20ac par membre de l\u2019\u00e9quipe) aupr\u00e8s de l\u2019organisation.<\/span><\/p><\/li><\/ul><h3 class=\"western\"><span style=\"font-family: Calibri, serif;\"><span style=\"font-size: medium;\">Logistique :<\/span><\/span><\/h3><ul><li><p><span style=\"font-size: medium;\">Les parents sont responsables du transport des enfants jusqu\u2019au lieu de la comp\u00e9tition.<\/span><\/p><\/li><li><p><span style=\"font-size: medium;\">Il est conseill\u00e9 d\u2019arriver une heure avant le d\u00e9but de la comp\u00e9tition.<\/span><\/p><\/li><\/ul><h2 class=\"western\">Comp\u00e9titions qualificatives pour le challenge de France de M13 individuel.<\/h2><p><span style=\"font-size: medium;\">Le challenge de France de M13 est une comp\u00e9tition nationale qui aura lieu les 14 et 15 juin 2025. Deux comp\u00e9titions r\u00e9gionales et comp\u00e9tition de zone (quart sud-est de la France) permettent de se qualifier pour ce challenge.<\/span><\/p><p><span style=\"font-family: Times New Roman, serif;\"><span style=\"font-size: large;\"><b><span style=\"font-family: Calibri, serif;\"><span style=\"font-size: medium;\">Encadrement <\/span><\/span><\/b><\/span><\/span><span style=\"font-size: medium;\"><b>:<\/b><\/span><span style=\"font-size: medium;\"> Les enfants sont encadr\u00e9s sur place par un ma\u00eetre d\u2019armes du club.<\/span><\/p><h3 class=\"western\"><span style=\"font-family: Calibri, serif;\"><span style=\"font-size: medium;\">Inscription :<\/span><\/span><\/h3><ul><li><p><span style=\"font-size: medium;\">Les inscriptions se font directement au club, via le tableau d\u2019affichage dans la salle.<\/span><\/p><\/li><li><p><span style=\"font-size: medium;\">Les parents doivent confirmer l\u2019inscription sur place le jour de la comp\u00e9tition en r\u00e9glant les frais d\u2019engagement (12 \u20ac) aupr\u00e8s de l\u2019organisation.<\/span><\/p><\/li><\/ul><h3 class=\"western\"><span style=\"font-family: Calibri, serif;\"><span style=\"font-size: medium;\">Logistique :<\/span><\/span><\/h3><ul><li><p><span style=\"font-size: medium;\">Les parents sont responsables du transport des enfants jusqu\u2019au lieu de la comp\u00e9tition.<\/span><\/p><\/li><li><p><span style=\"font-size: medium;\">Il est conseill\u00e9 d\u2019arriver au minimum une heure avant le d\u00e9but de la comp\u00e9tition.<\/span><\/p><\/li><\/ul><p><span style=\"font-family: Times New Roman, serif;\"><span style=\"font-size: large;\"><b><span style=\"font-family: Calibri, serif;\"><span style=\"font-size: medium;\">Accessibilit\u00e9<\/span><\/span><\/b><\/span><\/span><span style=\"font-size: medium;\"><b> :<\/b><\/span><span style=\"font-size: medium;\"> Ces comp\u00e9titions sont <\/span><span style=\"font-size: medium;\"><b>open<\/b><\/span><span style=\"font-size: medium;\">, ouvertes \u00e0 tous. Les participants peuvent choisir de s\u2019inscrire \u00e0 une ou plusieurs \u00e9preuves.<\/span><\/p><ul><li><p><span style=\"font-size: medium;\">Comp\u00e9tition r\u00e9gionale 1\u00a0: Aix-en-Provence 5 et 6 octobre 2024<\/span><\/p><\/li><li><p><span style=\"font-size: medium;\">Comp\u00e9tition de zone\u00a0: Moirans 16 et 17 novembre 2024<\/span><\/p><\/li><li><p><span style=\"font-size: medium;\">Comp\u00e9tition r\u00e9gionale 2\u00a0: Cabries 1 et 2 f\u00e9vrier 2025<\/span><\/p><\/li><\/ul><p><span style=\"font-size: medium;\">Pour l&#8217;attribution des points :<\/span><\/p><ul><li><p><span style=\"font-size: medium;\">Comp\u00e9titions r\u00e9gionales<\/span><span style=\"font-size: medium;\"> : elles ont un coefficient de <\/span><span style=\"font-size: medium;\">1<\/span><span style=\"font-size: medium;\">, avec un maximum de <\/span><span style=\"font-size: medium;\">101 points<\/span><span style=\"font-size: medium;\"> possibles.<\/span><\/p><\/li><li><p><span style=\"font-size: medium;\">Comp\u00e9titions de zone<\/span><span style=\"font-size: medium;\"> : elle a un coefficient de <\/span><span style=\"font-size: medium;\">1,5<\/span><span style=\"font-size: medium;\">, avec un maximum de <\/span><span style=\"font-size: medium;\">151,5 points<\/span><span style=\"font-size: medium;\"> possibles.<\/span><\/p><\/li><\/ul><p><span style=\"font-size: medium;\">Le calcul du nombre de points attribu\u00e9s d\u00e9pend du <\/span><span style=\"font-size: medium;\">nombre de participants engag\u00e9s<\/span><span style=\"font-size: medium;\">.<\/span><\/p><p align=\"JUSTIFY\"><span style=\"font-size: medium;\">Le classement est mis \u00e0 jour apr\u00e8s chaque comp\u00e9tition et est consultable sur le site de la ligue via le lien suivant : <\/span><span style=\"font-size: medium;\"><i>(attention, plusieurs onglets permettent de naviguer entre les diff\u00e9rentes armes et cat\u00e9gories, ainsi que le sexe des comp\u00e9titeurs).<\/i><\/span><\/p><p><a href=\"https:\/\/docs.google.com\/spreadsheets\/d\/1i-4unzBZIrRFswCYz-9JUm3hEZRHJP4RKNpq_56W3_0\/edit?gid=94026062#gid=94026062\"><span style=\"font-size: medium;\">https:\/\/docs.google.com\/spreadsheets\/d\/1i-4unzBZIrRFswCYz-9JUm3hEZRHJP4RKNpq_56W3_0\/edit?gid=94026062#gid=94026062<\/span><\/a><\/p><p align=\"CENTER\">\u00a0<\/p><p align=\"JUSTIFY\"><span style=\"font-size: medium;\">\u00c0 l\u2019issue de la derni\u00e8re comp\u00e9tition de la saison 2024\/2025, les 9 premi\u00e8res filles et les 18 premiers gar\u00e7ons de la r\u00e9gion PACA seront s\u00e9lectionn\u00e9s pour participer au Challenge de France des M13.<\/span><\/p><p align=\"CENTER\">\u00a0<\/p><h2 class=\"western\">Challenge de France de M13 en \u00e9quipe mixte.<\/h2><p class=\"western\"><span style=\"color: #00000a;\"><span style=\"font-family: Calibri, serif;\"><span style=\"font-size: medium;\">Cette \u00e9preuve est ouverte sans quota, aux \u00e9quipes de clubs, d\u00e9partements et ligues r\u00e9gionales. Elle se d\u00e9roule en m\u00eame temps que le challenge de France de M13 individuel, les 14 et 15 juin. Les \u00e9quipes sont constitu\u00e9es de 4 tireurs minimum : 2 dames et 2 hommes, avec 2 rempla\u00e7ants possibles, 1 dame et 1 homme. <\/span><\/span><\/span><\/p><h2 class=\"western\">Autres comp\u00e9titions<\/h2><p align=\"JUSTIFY\"><span style=\"font-size: medium;\">Les escrimeurs ont \u00e9galement la possibilit\u00e9 de participer \u00e0 d\u2019autres comp\u00e9titions <\/span><span style=\"font-size: medium;\"><b>open<\/b><\/span><span style=\"font-size: medium;\"> tout au long de la saison. Pour cela, il est conseill\u00e9 de se renseigner aupr\u00e8s des ma\u00eetres d\u2019armes. Certaines comp\u00e9titions sont annonc\u00e9es via l\u2019affichage au club. Dans ce cadre, il n\u2019y a pas obligatoirement un encadrement club (Les 1000 fleurets ou l\u2019open M13 de Lyon)<\/span><\/p><p><span style=\"font-size: medium;\"><b>Autres comp\u00e9titions pour les M13 avec encadrement par les ma\u00eetres d\u2019armes <\/b><\/span><span style=\"font-size: medium;\">(frais d\u2019engagement pay\u00e9 par le club et factur\u00e9 aux parents) :<\/span><\/p><ul><li><p><span style=\"font-size: medium;\"><b>Challenge international du Mini Licciardi 2025<\/b><\/span><span style=\"font-size: medium;\"> :<\/span><\/p><ul><li><p><span style=\"font-size: medium;\">Date : 8 et 9 f\u00e9vrier 2025<\/span><\/p><\/li><li><p><span style=\"font-size: medium;\">Lieu : Gymnase du Val de l\u2019Arc<\/span><\/p><\/li><li><p><span style=\"font-size: medium;\">Frais d\u2019inscription\u00a0: 30\u20ac\/comp\u00e9tition<\/span><\/p><\/li><\/ul><\/li><li><p><span style=\"font-size: medium;\"><b>Mini Marathon de Fleuret<\/b><\/span><span style=\"font-size: medium;\"> :<\/span><\/p><ul><li><p><span style=\"font-size: medium;\">Date : 28 et 29 juin 2025<\/span><\/p><\/li><li><p><span style=\"font-size: medium;\">Lieu\u00a0: Paris<\/span><\/p><\/li><li><p><span style=\"font-size: medium;\">Particularit\u00e9 : Pour cette comp\u00e9tition internationale, l\u2019EPA met en place une organisation sp\u00e9cifique par le club pour encadrer le d\u00e9placement des jeunes escrimeurs.<\/span><\/p><\/li><li><p><span style=\"font-size: medium;\">Frais d\u2019inscription\u00a0: 36\u20ac\/comp\u00e9tition<\/span><\/p><\/li><\/ul><\/li><\/ul><p><span style=\"font-size: medium;\"><i><b>Organisation pour le Mini Marathon de Fleuret :<\/b><\/i><\/span><\/p><ul><li><p align=\"JUSTIFY\"><span style=\"font-size: medium;\">Le club prendra en charge l\u2019encadrement et la coordination du d\u00e9placement.<\/span><\/p><\/li><li><p align=\"JUSTIFY\"><span style=\"font-size: medium;\">Les frais de transport, d\u2019h\u00e9bergement et de nourriture seront refactur\u00e9s aux parents apr\u00e8s la comp\u00e9tition.<\/span><\/p><\/li><li><p align=\"JUSTIFY\"><span style=\"font-size: medium;\">En fonction de l\u2019organisation, il est possible que les parents doivent acheter directement le billet de train de leur enfant. Dans ce cas, le club communiquera les informations n\u00e9cessaires pour que les enfants voyagent dans le m\u00eame wagon que les ma\u00eetres d\u2019armes.<\/span><\/p><\/li><\/ul><p><span style=\"font-size: medium;\">Pour toute question ou pr\u00e9cision, il est recommand\u00e9 de se rapprocher des ma\u00eetres d\u2019armes.<\/span><\/p><h2 class=\"western\">Sur-classement\u00a0:<\/h2><p><span style=\"font-size: medium;\">Les M13 peuvent \u00eatre surclass\u00e9s en cat\u00e9gorie M15.<\/span><span style=\"font-size: medium;\"> Cela pourra \u00eatre propos\u00e9 par le ma\u00eetre d\u2019armes pour certaines comp\u00e9titions. Le comp\u00e9titeur devra fournir un certificat m\u00e9dical particulier au club.<\/span><\/p>\t\t\t\t\t<\/div>\n\t\t\t\t\t\t<\/div>\n\t\t\t\t<\/div>\n\t\t\t\t<div class=\"elementor-element elementor-element-12085b6 elementor-widget elementor-widget-text-editor\" data-id=\"12085b6\" data-element_type=\"widget\" data-widget_type=\"text-editor.default\">\n\t\t\t\t<div class=\"elementor-widget-container\">\n\t\t\t\t\t\t\t\t<div class=\"elementor-text-editor elementor-clearfix\">\n\t\t\t\t\t\t\t\t\t\t<\/div>\n\t\t\t\t\t\t<\/div>\n\t\t\t\t<\/div>\n\t\t\t\t\t\t<\/div>\n\t\t\t\t\t<\/div>\n\t\t<\/div>\n\t\t\t\t\t\t\t\t<\/div>\n\t\t\t\t\t<\/div>\n\t\t<\/section>\n\t\t\t\t\t\t<\/div>\n\t\t\t\t\t\t<\/div>\n\t\t\t\t\t<\/div>\n\t\t","protected":false},"excerpt":{"rendered":"<p>Cat\u00e9gorie M13 Pour la saison 2024\/2025, cela correspond aux enfants n\u00e9s en 2012 et 2013. Pour participer aux comp\u00e9titions, la veste et les chaussettes du club sont obligatoires. Animations d\u00e9partementales Ces comp\u00e9titions ont pour objectif d\u2019initier les jeunes escrimeurs \u00e0 l\u2019univers de la comp\u00e9tition et de leur permettre de rencontrer des pratiquants de leur \u00e2ge [&hellip;]<\/p>\n","protected":false},"author":7,"featured_media":10149,"comment_status":"closed","ping_status":"closed","sticky":false,"template":"","format":"standard","meta":{"_eb_attr":"","_jetpack_memberships_contains_paid_content":false,"footnotes":""},"categories":[3],"tags":[],"agecategorytags":[35],"weaponcategorytags":[],"seasoncategorytags":[],"class_list":["post-10130","post","type-post","status-publish","format-standard","has-post-thumbnail","hentry","category-documents","agecategorytags-m13"],"yoast_head":"<!-- This site is optimized with the Yoast SEO plugin v23.4 - https:\/\/yoast.com\/wordpress\/plugins\/seo\/ -->\n<title>Guide Comp\u00e9tition M13 - Epa - Escrime Pays d Aix<\/title>\n<meta name=\"robots\" content=\"index, follow, max-snippet:-1, max-image-preview:large, max-video-preview:-1\" \/>\n<link rel=\"canonical\" href=\"https:\/\/escrime-paysdaix.fr\/epaaix\/guide-competition-m13-m15-fete-des-jeunes\/\" \/>\n<meta property=\"og:locale\" content=\"fr_FR\" \/>\n<meta property=\"og:type\" content=\"article\" \/>\n<meta property=\"og:title\" content=\"Guide Comp\u00e9tition M13 - Epa - Escrime Pays d Aix\" \/>\n<meta property=\"og:description\" content=\"Cat\u00e9gorie M13 Pour la saison 2024\/2025, cela correspond aux enfants n\u00e9s en 2012 et 2013. Pour participer aux comp\u00e9titions, la veste et les chaussettes du club sont obligatoires. Animations d\u00e9partementales Ces comp\u00e9titions ont pour objectif d\u2019initier les jeunes escrimeurs \u00e0 l\u2019univers de la comp\u00e9tition et de leur permettre de rencontrer des pratiquants de leur \u00e2ge [&hellip;]\" \/>\n<meta property=\"og:url\" content=\"https:\/\/escrime-paysdaix.fr\/epaaix\/guide-competition-m13-m15-fete-des-jeunes\/\" \/>\n<meta property=\"og:site_name\" content=\"Epa - Escrime Pays d Aix\" \/>\n<meta property=\"article:publisher\" content=\"https:\/\/www.facebook.com\/EscrimePaysDAix\" \/>\n<meta property=\"article:published_time\" content=\"2024-12-06T08:15:38+00:00\" \/>\n<meta property=\"article:modified_time\" content=\"2024-12-06T10:34:01+00:00\" \/>\n<meta property=\"og:image\" content=\"https:\/\/escrime-paysdaix.fr\/epaaix\/wp-content\/uploads\/2024\/12\/info-compet-epa.jpg\" \/>\n\t<meta property=\"og:image:width\" content=\"1792\" \/>\n\t<meta property=\"og:image:height\" content=\"664\" \/>\n\t<meta property=\"og:image:type\" content=\"image\/jpeg\" \/>\n<meta name=\"author\" content=\"Fr\u00e9d\u00e9ric Negroni\" \/>\n<meta name=\"twitter:card\" content=\"summary_large_image\" \/>\n<meta name=\"twitter:creator\" content=\"@Epa_Escrime\" \/>\n<meta name=\"twitter:site\" content=\"@Epa_Escrime\" \/>\n<meta name=\"twitter:label1\" content=\"\u00c9crit par\" \/>\n\t<meta name=\"twitter:data1\" content=\"Fr\u00e9d\u00e9ric Negroni\" \/>\n\t<meta name=\"twitter:label2\" content=\"Dur\u00e9e de lecture estim\u00e9e\" \/>\n\t<meta name=\"twitter:data2\" content=\"6 minutes\" \/>\n<script type=\"application\/ld+json\" class=\"yoast-schema-graph\">{\"@context\":\"https:\/\/schema.org\",\"@graph\":[{\"@type\":\"Article\",\"@id\":\"https:\/\/escrime-paysdaix.fr\/epaaix\/guide-competition-m13-m15-fete-des-jeunes\/#article\",\"isPartOf\":{\"@id\":\"https:\/\/escrime-paysdaix.fr\/epaaix\/guide-competition-m13-m15-fete-des-jeunes\/\"},\"author\":{\"name\":\"Fr\u00e9d\u00e9ric Negroni\",\"@id\":\"https:\/\/escrime-paysdaix.fr\/epaaix\/#\/schema\/person\/cc3d542e60a4ab92a27db856b86df394\"},\"headline\":\"Guide Comp\u00e9tition M13\",\"datePublished\":\"2024-12-06T08:15:38+00:00\",\"dateModified\":\"2024-12-06T10:34:01+00:00\",\"mainEntityOfPage\":{\"@id\":\"https:\/\/escrime-paysdaix.fr\/epaaix\/guide-competition-m13-m15-fete-des-jeunes\/\"},\"wordCount\":1048,\"publisher\":{\"@id\":\"https:\/\/escrime-paysdaix.fr\/epaaix\/#organization\"},\"image\":{\"@id\":\"https:\/\/escrime-paysdaix.fr\/epaaix\/guide-competition-m13-m15-fete-des-jeunes\/#primaryimage\"},\"thumbnailUrl\":\"https:\/\/escrime-paysdaix.fr\/epaaix\/wp-content\/uploads\/2024\/12\/info-compet-epa.jpg\",\"articleSection\":[\"Documents\"],\"inLanguage\":\"fr-FR\"},{\"@type\":\"WebPage\",\"@id\":\"https:\/\/escrime-paysdaix.fr\/epaaix\/guide-competition-m13-m15-fete-des-jeunes\/\",\"url\":\"https:\/\/escrime-paysdaix.fr\/epaaix\/guide-competition-m13-m15-fete-des-jeunes\/\",\"name\":\"Guide Comp\u00e9tition M13 - Epa - Escrime Pays d Aix\",\"isPartOf\":{\"@id\":\"https:\/\/escrime-paysdaix.fr\/epaaix\/#website\"},\"primaryImageOfPage\":{\"@id\":\"https:\/\/escrime-paysdaix.fr\/epaaix\/guide-competition-m13-m15-fete-des-jeunes\/#primaryimage\"},\"image\":{\"@id\":\"https:\/\/escrime-paysdaix.fr\/epaaix\/guide-competition-m13-m15-fete-des-jeunes\/#primaryimage\"},\"thumbnailUrl\":\"https:\/\/escrime-paysdaix.fr\/epaaix\/wp-content\/uploads\/2024\/12\/info-compet-epa.jpg\",\"datePublished\":\"2024-12-06T08:15:38+00:00\",\"dateModified\":\"2024-12-06T10:34:01+00:00\",\"breadcrumb\":{\"@id\":\"https:\/\/escrime-paysdaix.fr\/epaaix\/guide-competition-m13-m15-fete-des-jeunes\/#breadcrumb\"},\"inLanguage\":\"fr-FR\",\"potentialAction\":[{\"@type\":\"ReadAction\",\"target\":[\"https:\/\/escrime-paysdaix.fr\/epaaix\/guide-competition-m13-m15-fete-des-jeunes\/\"]}]},{\"@type\":\"ImageObject\",\"inLanguage\":\"fr-FR\",\"@id\":\"https:\/\/escrime-paysdaix.fr\/epaaix\/guide-competition-m13-m15-fete-des-jeunes\/#primaryimage\",\"url\":\"https:\/\/escrime-paysdaix.fr\/epaaix\/wp-content\/uploads\/2024\/12\/info-compet-epa.jpg\",\"contentUrl\":\"https:\/\/escrime-paysdaix.fr\/epaaix\/wp-content\/uploads\/2024\/12\/info-compet-epa.jpg\",\"width\":1792,\"height\":664,\"caption\":\"informations competition escrime\"},{\"@type\":\"BreadcrumbList\",\"@id\":\"https:\/\/escrime-paysdaix.fr\/epaaix\/guide-competition-m13-m15-fete-des-jeunes\/#breadcrumb\",\"itemListElement\":[{\"@type\":\"ListItem\",\"position\":1,\"name\":\"Accueil\",\"item\":\"https:\/\/escrime-paysdaix.fr\/epaaix\/\"},{\"@type\":\"ListItem\",\"position\":2,\"name\":\"Guide Comp\u00e9tition M13\"}]},{\"@type\":\"WebSite\",\"@id\":\"https:\/\/escrime-paysdaix.fr\/epaaix\/#website\",\"url\":\"https:\/\/escrime-paysdaix.fr\/epaaix\/\",\"name\":\"Epa - Escrime Pays d Aix\",\"description\":\"Club d escrime \u00e0 Aix en Provence. Formation Loisir Comp\u00e9tition\",\"publisher\":{\"@id\":\"https:\/\/escrime-paysdaix.fr\/epaaix\/#organization\"},\"potentialAction\":[{\"@type\":\"SearchAction\",\"target\":{\"@type\":\"EntryPoint\",\"urlTemplate\":\"https:\/\/escrime-paysdaix.fr\/epaaix\/?s={search_term_string}\"},\"query-input\":{\"@type\":\"PropertyValueSpecification\",\"valueRequired\":true,\"valueName\":\"search_term_string\"}}],\"inLanguage\":\"fr-FR\"},{\"@type\":\"Organization\",\"@id\":\"https:\/\/escrime-paysdaix.fr\/epaaix\/#organization\",\"name\":\"Epa - Escrime Pays d Aix\",\"url\":\"https:\/\/escrime-paysdaix.fr\/epaaix\/\",\"logo\":{\"@type\":\"ImageObject\",\"inLanguage\":\"fr-FR\",\"@id\":\"https:\/\/escrime-paysdaix.fr\/epaaix\/#\/schema\/logo\/image\/\",\"url\":\"https:\/\/escrime-paysdaix.fr\/epaaix\/wp-content\/uploads\/2021\/03\/epa_logo.png\",\"contentUrl\":\"https:\/\/escrime-paysdaix.fr\/epaaix\/wp-content\/uploads\/2021\/03\/epa_logo.png\",\"width\":474,\"height\":596,\"caption\":\"Epa - Escrime Pays d Aix\"},\"image\":{\"@id\":\"https:\/\/escrime-paysdaix.fr\/epaaix\/#\/schema\/logo\/image\/\"},\"sameAs\":[\"https:\/\/www.facebook.com\/EscrimePaysDAix\",\"https:\/\/x.com\/Epa_Escrime\",\"https:\/\/www.instagram.com\/escrime_aix\",\"https:\/\/www.youtube.com\/channel\/UC0oH02jUultLPvDckstp_UQ\"]},{\"@type\":\"Person\",\"@id\":\"https:\/\/escrime-paysdaix.fr\/epaaix\/#\/schema\/person\/cc3d542e60a4ab92a27db856b86df394\",\"name\":\"Fr\u00e9d\u00e9ric Negroni\",\"url\":\"https:\/\/escrime-paysdaix.fr\/epaaix\/author\/fredn\/\"}]}<\/script>\n<!-- \/ Yoast SEO plugin. -->","yoast_head_json":{"title":"Guide Comp\u00e9tition M13 - Epa - Escrime Pays d Aix","robots":{"index":"index","follow":"follow","max-snippet":"max-snippet:-1","max-image-preview":"max-image-preview:large","max-video-preview":"max-video-preview:-1"},"canonical":"https:\/\/escrime-paysdaix.fr\/epaaix\/guide-competition-m13-m15-fete-des-jeunes\/","og_locale":"fr_FR","og_type":"article","og_title":"Guide Comp\u00e9tition M13 - Epa - Escrime Pays d Aix","og_description":"Cat\u00e9gorie M13 Pour la saison 2024\/2025, cela correspond aux enfants n\u00e9s en 2012 et 2013. Pour participer aux comp\u00e9titions, la veste et les chaussettes du club sont obligatoires. Animations d\u00e9partementales Ces comp\u00e9titions ont pour objectif d\u2019initier les jeunes escrimeurs \u00e0 l\u2019univers de la comp\u00e9tition et de leur permettre de rencontrer des pratiquants de leur \u00e2ge [&hellip;]","og_url":"https:\/\/escrime-paysdaix.fr\/epaaix\/guide-competition-m13-m15-fete-des-jeunes\/","og_site_name":"Epa - Escrime Pays d Aix","article_publisher":"https:\/\/www.facebook.com\/EscrimePaysDAix","article_published_time":"2024-12-06T08:15:38+00:00","article_modified_time":"2024-12-06T10:34:01+00:00","og_image":[{"width":1792,"height":664,"url":"https:\/\/escrime-paysdaix.fr\/epaaix\/wp-content\/uploads\/2024\/12\/info-compet-epa.jpg","type":"image\/jpeg"}],"author":"Fr\u00e9d\u00e9ric Negroni","twitter_card":"summary_large_image","twitter_creator":"@Epa_Escrime","twitter_site":"@Epa_Escrime","twitter_misc":{"\u00c9crit par":"Fr\u00e9d\u00e9ric Negroni","Dur\u00e9e de lecture estim\u00e9e":"6 minutes"},"schema":{"@context":"https:\/\/schema.org","@graph":[{"@type":"Article","@id":"https:\/\/escrime-paysdaix.fr\/epaaix\/guide-competition-m13-m15-fete-des-jeunes\/#article","isPartOf":{"@id":"https:\/\/escrime-paysdaix.fr\/epaaix\/guide-competition-m13-m15-fete-des-jeunes\/"},"author":{"name":"Fr\u00e9d\u00e9ric Negroni","@id":"https:\/\/escrime-paysdaix.fr\/epaaix\/#\/schema\/person\/cc3d542e60a4ab92a27db856b86df394"},"headline":"Guide Comp\u00e9tition M13","datePublished":"2024-12-06T08:15:38+00:00","dateModified":"2024-12-06T10:34:01+00:00","mainEntityOfPage":{"@id":"https:\/\/escrime-paysdaix.fr\/epaaix\/guide-competition-m13-m15-fete-des-jeunes\/"},"wordCount":1048,"publisher":{"@id":"https:\/\/escrime-paysdaix.fr\/epaaix\/#organization"},"image":{"@id":"https:\/\/escrime-paysdaix.fr\/epaaix\/guide-competition-m13-m15-fete-des-jeunes\/#primaryimage"},"thumbnailUrl":"https:\/\/escrime-paysdaix.fr\/epaaix\/wp-content\/uploads\/2024\/12\/info-compet-epa.jpg","articleSection":["Documents"],"inLanguage":"fr-FR"},{"@type":"WebPage","@id":"https:\/\/escrime-paysdaix.fr\/epaaix\/guide-competition-m13-m15-fete-des-jeunes\/","url":"https:\/\/escrime-paysdaix.fr\/epaaix\/guide-competition-m13-m15-fete-des-jeunes\/","name":"Guide Comp\u00e9tition M13 - Epa - Escrime Pays d Aix","isPartOf":{"@id":"https:\/\/escrime-paysdaix.fr\/epaaix\/#website"},"primaryImageOfPage":{"@id":"https:\/\/escrime-paysdaix.fr\/epaaix\/guide-competition-m13-m15-fete-des-jeunes\/#primaryimage"},"image":{"@id":"https:\/\/escrime-paysdaix.fr\/epaaix\/guide-competition-m13-m15-fete-des-jeunes\/#primaryimage"},"thumbnailUrl":"https:\/\/escrime-paysdaix.fr\/epaaix\/wp-content\/uploads\/2024\/12\/info-compet-epa.jpg","datePublished":"2024-12-06T08:15:38+00:00","dateModified":"2024-12-06T10:34:01+00:00","breadcrumb":{"@id":"https:\/\/escrime-paysdaix.fr\/epaaix\/guide-competition-m13-m15-fete-des-jeunes\/#breadcrumb"},"inLanguage":"fr-FR","potentialAction":[{"@type":"ReadAction","target":["https:\/\/escrime-paysdaix.fr\/epaaix\/guide-competition-m13-m15-fete-des-jeunes\/"]}]},{"@type":"ImageObject","inLanguage":"fr-FR","@id":"https:\/\/escrime-paysdaix.fr\/epaaix\/guide-competition-m13-m15-fete-des-jeunes\/#primaryimage","url":"https:\/\/escrime-paysdaix.fr\/epaaix\/wp-content\/uploads\/2024\/12\/info-compet-epa.jpg","contentUrl":"https:\/\/escrime-paysdaix.fr\/epaaix\/wp-content\/uploads\/2024\/12\/info-compet-epa.jpg","width":1792,"height":664,"caption":"informations competition escrime"},{"@type":"BreadcrumbList","@id":"https:\/\/escrime-paysdaix.fr\/epaaix\/guide-competition-m13-m15-fete-des-jeunes\/#breadcrumb","itemListElement":[{"@type":"ListItem","position":1,"name":"Accueil","item":"https:\/\/escrime-paysdaix.fr\/epaaix\/"},{"@type":"ListItem","position":2,"name":"Guide Comp\u00e9tition M13"}]},{"@type":"WebSite","@id":"https:\/\/escrime-paysdaix.fr\/epaaix\/#website","url":"https:\/\/escrime-paysdaix.fr\/epaaix\/","name":"Epa - Escrime Pays d Aix","description":"Club d escrime \u00e0 Aix en Provence. Formation Loisir Comp\u00e9tition","publisher":{"@id":"https:\/\/escrime-paysdaix.fr\/epaaix\/#organization"},"potentialAction":[{"@type":"SearchAction","target":{"@type":"EntryPoint","urlTemplate":"https:\/\/escrime-paysdaix.fr\/epaaix\/?s={search_term_string}"},"query-input":{"@type":"PropertyValueSpecification","valueRequired":true,"valueName":"search_term_string"}}],"inLanguage":"fr-FR"},{"@type":"Organization","@id":"https:\/\/escrime-paysdaix.fr\/epaaix\/#organization","name":"Epa - Escrime Pays d Aix","url":"https:\/\/escrime-paysdaix.fr\/epaaix\/","logo":{"@type":"ImageObject","inLanguage":"fr-FR","@id":"https:\/\/escrime-paysdaix.fr\/epaaix\/#\/schema\/logo\/image\/","url":"https:\/\/escrime-paysdaix.fr\/epaaix\/wp-content\/uploads\/2021\/03\/epa_logo.png","contentUrl":"https:\/\/escrime-paysdaix.fr\/epaaix\/wp-content\/uploads\/2021\/03\/epa_logo.png","width":474,"height":596,"caption":"Epa - Escrime Pays d Aix"},"image":{"@id":"https:\/\/escrime-paysdaix.fr\/epaaix\/#\/schema\/logo\/image\/"},"sameAs":["https:\/\/www.facebook.com\/EscrimePaysDAix","https:\/\/x.com\/Epa_Escrime","https:\/\/www.instagram.com\/escrime_aix","https:\/\/www.youtube.com\/channel\/UC0oH02jUultLPvDckstp_UQ"]},{"@type":"Person","@id":"https:\/\/escrime-paysdaix.fr\/epaaix\/#\/schema\/person\/cc3d542e60a4ab92a27db856b86df394","name":"Fr\u00e9d\u00e9ric Negroni","url":"https:\/\/escrime-paysdaix.fr\/epaaix\/author\/fredn\/"}]}},"jetpack_featured_media_url":"https:\/\/escrime-paysdaix.fr\/epaaix\/wp-content\/uploads\/2024\/12\/info-compet-epa.jpg","jetpack_sharing_enabled":true,"_links":{"self":[{"href":"https:\/\/escrime-paysdaix.fr\/epaaix\/wp-json\/wp\/v2\/posts\/10130","targetHints":{"allow":["GET"]}}],"collection":[{"href":"https:\/\/escrime-paysdaix.fr\/epaaix\/wp-json\/wp\/v2\/posts"}],"about":[{"href":"https:\/\/escrime-paysdaix.fr\/epaaix\/wp-json\/wp\/v2\/types\/post"}],"author":[{"embeddable":true,"href":"https:\/\/escrime-paysdaix.fr\/epaaix\/wp-json\/wp\/v2\/users\/7"}],"replies":[{"embeddable":true,"href":"https:\/\/escrime-paysdaix.fr\/epaaix\/wp-json\/wp\/v2\/comments?post=10130"}],"version-history":[{"count":0,"href":"https:\/\/escrime-paysdaix.fr\/epaaix\/wp-json\/wp\/v2\/posts\/10130\/revisions"}],"wp:featuredmedia":[{"embeddable":true,"href":"https:\/\/escrime-paysdaix.fr\/epaaix\/wp-json\/wp\/v2\/media\/10149"}],"wp:attachment":[{"href":"https:\/\/escrime-paysdaix.fr\/epaaix\/wp-json\/wp\/v2\/media?parent=10130"}],"wp:term":[{"taxonomy":"category","embeddable":true,"href":"https:\/\/escrime-paysdaix.fr\/epaaix\/wp-json\/wp\/v2\/categories?post=10130"},{"taxonomy":"post_tag","embeddable":true,"href":"https:\/\/escrime-paysdaix.fr\/epaaix\/wp-json\/wp\/v2\/tags?post=10130"},{"taxonomy":"agecategorytags","embeddable":true,"href":"https:\/\/escrime-paysdaix.fr\/epaaix\/wp-json\/wp\/v2\/agecategorytags?post=10130"},{"taxonomy":"weaponcategorytags","embeddable":true,"href":"https:\/\/escrime-paysdaix.fr\/epaaix\/wp-json\/wp\/v2\/weaponcategorytags?post=10130"},{"taxonomy":"seasoncategorytags","embeddable":true,"href":"https:\/\/escrime-paysdaix.fr\/epaaix\/wp-json\/wp\/v2\/seasoncategorytags?post=10130"}],"curies":[{"name":"wp","href":"https:\/\/api.w.org\/{rel}","templated":true}]}}